{"id":18156,"date":"2016-05-06T09:08:28","date_gmt":"2016-05-06T11:08:28","guid":{"rendered":"http:\/\/www2.comunitaria.com.br\/?p=18156"},"modified":"2016-05-06T09:08:28","modified_gmt":"2016-05-06T11:08:28","slug":"escola-jose-canellas-esta-completando-52-anos","status":"publish","type":"post","link":"https:\/\/www2.comunitaria.com.br\/en\/escola-jose-canellas-esta-completando-52-anos\/","title":{"rendered":"Escola Jos\u00e9 Ca\u00f1ellas est\u00e1 completando 52 anos"},"content":{"rendered":"<p style=\"text-align: justify;\">A Escola Estadual T\u00e9cnica Jos\u00e9 Ca\u00f1ellas, fundada no dia 06 de maio de 1964, est\u00e1 completando 52 anos de hist\u00f3ria. Foi a primeira escola que possibilitou a continua\u00e7\u00e3o dos estudos no munic\u00edpio ap\u00f3s a conclus\u00e3o do prim\u00e1rio.<\/p>\n<p style=\"text-align: justify;\">Em seu primeiro ano de cria\u00e7\u00e3o, funcionava junto \u00e0 Escola Grupo da Sede, hoje Sep\u00e9 Tiaraju. Os professores trabalhavam gratuitamente e os alunos pagavam mensalidades simb\u00f3licas. No final de mar\u00e7o de 1965 passou a ser escola p\u00fablica, onde os professores eram contratados pelo governo e as despesas passaram a ser responsabilidade do estado. O pr\u00e9dio pr\u00f3prio foi inaugurado em 1983. Nos prim\u00f3rdios, a escola ofereceu o Curso T\u00e9cnico em Contabilidade, com habilita\u00e7\u00e3o t\u00e9cnica em n\u00edvel de Segundo Grau. Ap\u00f3s, implantou o Curso Auxiliar em Contabilidade concomitante com o Ensino M\u00e9dio, de 1975 a 1988, quando passou a oferecer o Curso Prepara\u00e7\u00e3o para o Trabalho. Apenas a partir de 2000 que o Ensino M\u00e9dio foi desvinculado do Ensino T\u00e9cnico.<\/p>\n<p style=\"text-align: justify;\">O diretor Pasqual Sebasti\u00e3o Minetto diz que a institui\u00e7\u00e3o vem realizando muitas conquistas desde a sua cria\u00e7\u00e3o:<\/p>\n<!--[if lt IE 9]><script>document.createElement('audio');<\/script><![endif]-->\n<audio class=\"wp-audio-shortcode\" id=\"audio-18156-1\" preload=\"none\" style=\"width: 100%;\" controls=\"controls\"><source type=\"audio\/mpeg\" src=\"http:\/\/www2.comunitaria.com.br\/wp-content\/uploads\/2016\/05\/Pasqual-conquistas.mp3?_=1\" \/><a href=\"http:\/\/www2.comunitaria.com.br\/wp-content\/uploads\/2016\/05\/Pasqual-conquistas.mp3\">http:\/\/www2.comunitaria.com.br\/wp-content\/uploads\/2016\/05\/Pasqual-conquistas.mp3<\/a><\/audio>\n<p style=\"text-align: justify;\">Hoje, a escola oferta o\u00a0Ensino M\u00e9dio, Ensino M\u00e9dio Integral, Ensino M\u00e9dio Polit\u00e9cnico e Cursos T\u00e9cnicos em Contabilidade, Administra\u00e7\u00e3o, Secretariado, Enfermagem e Turismo e Hospitalidade. O Ca\u00f1ellas oferta vagas para o Ensino T\u00e9cnico em mar\u00e7o e agosto, sendo que o pr\u00f3ximo edital deve sair ainda no final de maio.<\/p>\n<p style=\"text-align: justify;\">Est\u00e1 tramitando a implanta\u00e7\u00e3o do Curso T\u00e9cnico em Seguran\u00e7a do Trabalho, que aguarda a avalia\u00e7\u00e3o do Conselho Estadual. Ainda n\u00e3o h\u00e1 previs\u00e3o para o come\u00e7o das atividades. O diretor comenta sobre a busca de novos cursos t\u00e9cnicos:<\/p>\n<audio class=\"wp-audio-shortcode\" id=\"audio-18156-2\" preload=\"none\" style=\"width: 100%;\" controls=\"controls\"><source type=\"audio\/mpeg\" src=\"http:\/\/www2.comunitaria.com.br\/wp-content\/uploads\/2016\/05\/Pasqual-novos-cursos.mp3?_=2\" \/><a href=\"http:\/\/www2.comunitaria.com.br\/wp-content\/uploads\/2016\/05\/Pasqual-novos-cursos.mp3\">http:\/\/www2.comunitaria.com.br\/wp-content\/uploads\/2016\/05\/Pasqual-novos-cursos.mp3<\/a><\/audio>\n<p class=\"icoCargo\" style=\"text-align: justify;\">S\u00e3o mais de 1.000 alunos e cerca de 80 professores e funcion\u00e1rios. Sobre a infraestrutura da Escola, Pasqual avalia que os laborat\u00f3rios, salas de aula e demais depend\u00eancias atendem a demanda dos alunos de todos os cursos, mas salienta que sempre h\u00e1 melhorias a serem feitas:<\/p>\n<audio class=\"wp-audio-shortcode\" id=\"audio-18156-3\" preload=\"none\" style=\"width: 100%;\" controls=\"controls\"><source type=\"audio\/mpeg\" src=\"http:\/\/www2.comunitaria.com.br\/wp-content\/uploads\/2016\/05\/Pasqual-infraestrutura.mp3?_=3\" \/><a href=\"http:\/\/www2.comunitaria.com.br\/wp-content\/uploads\/2016\/05\/Pasqual-infraestrutura.mp3\">http:\/\/www2.comunitaria.com.br\/wp-content\/uploads\/2016\/05\/Pasqual-infraestrutura.mp3<\/a><\/audio>\n<p style=\"text-align: justify;\">Jalel Younes est\u00e1 no 3\u00b0 ano do Ensino M\u00e9dio e almeja passar em uma Universidade Federal. Ele conta que a forma\u00e7\u00e3o que est\u00e1 tendo na escola \u00e9 satisfat\u00f3ria, preparando bem o aluno para ingressar em uma faculdade:<\/p>\n<audio class=\"wp-audio-shortcode\" id=\"audio-18156-4\" preload=\"none\" style=\"width: 100%;\" controls=\"controls\"><source type=\"audio\/mpeg\" src=\"http:\/\/www2.comunitaria.com.br\/wp-content\/uploads\/2016\/05\/Jalel.mp3?_=4\" \/><a href=\"http:\/\/www2.comunitaria.com.br\/wp-content\/uploads\/2016\/05\/Jalel.mp3\">http:\/\/www2.comunitaria.com.br\/wp-content\/uploads\/2016\/05\/Jalel.mp3<\/a><\/audio>\n<p style=\"text-align: justify;\">Fabiana Pessotto, que tamb\u00e9m estuda no 3\u00b0 ano, pretende cursar Medicina Veterin\u00e1ria e considera o ensino do Ca\u00f1ellas refer\u00eancia na cidade:<\/p>\n<audio class=\"wp-audio-shortcode\" id=\"audio-18156-5\" preload=\"none\" style=\"width: 100%;\" controls=\"controls\"><source type=\"audio\/mpeg\" src=\"http:\/\/www2.comunitaria.com.br\/wp-content\/uploads\/2016\/05\/Fabiana.mp3?_=5\" \/><a href=\"http:\/\/www2.comunitaria.com.br\/wp-content\/uploads\/2016\/05\/Fabiana.mp3\">http:\/\/www2.comunitaria.com.br\/wp-content\/uploads\/2016\/05\/Fabiana.mp3<\/a><\/audio>\n<p style=\"text-align: justify;\">Ao longo do m\u00eas a Escola estar\u00e1 promovendo uma s\u00e9rie de <strong>atividades de forma\u00e7\u00e3o<\/strong> para seus alunos. A programa\u00e7\u00e3o voltada para o Ensino M\u00e9dio ainda est\u00e1 sendo fechada, mas as atividades para o Ensino T\u00e9cnico podem ser conferidas abaixo.<\/p>\n<p style=\"text-align: justify;\"><strong>11\/05, quarta-feira<br \/>\n<\/strong>Continua\u00e7\u00e3o do projeto &#8220;Di\u00e1logo com os empres\u00e1rios regionais&#8221;<\/p>\n<ul style=\"text-align: justify;\">\n<li>19h15min: Palestra com Elis\u00e2ngela Binotto (Marmoraria Binotto). Local: Sala de multim\u00eddia.<\/li>\n<li>20h30min: Palestra com Cledir Magri (CRESOL). Local: Sala de multim\u00eddia.<\/li>\n<\/ul>\n<p style=\"text-align: justify;\"><strong>18\/05, quarta-feira<\/strong><\/p>\n<ul style=\"text-align: justify;\">\n<li>19h15min: Palestra com a professora Lana D&#8217;\u00e1vila Campanella com o tema &#8220;Transformando desafios em neg\u00f3cios vencedores em nossa regi\u00e3o&#8221;. Local: Gin\u00e1sio.<\/li>\n<\/ul>\n<p style=\"text-align: justify;\">As palestra do dia 11 s\u00e3o voltadas para os alunos do T\u00e9cnico em Administra\u00e7\u00e3o e a atividade do dia 18 \u00e9 aberta a todos os cursos. Tamb\u00e9m na \u00faltima semana de maio, o curso de contabilidade ir\u00e1 receber uma palestra sobre ICMS, com Jos\u00e9 Adriano Lautert, auditor fiscal da Receira Estadual.<\/p>\n<p style=\"text-align: justify;\">Do dia 11 a 20 de maio ocorrer\u00e1 a <strong>Semana da Enfermagem<\/strong>, com diversas atividades. Os alunos estagi\u00e1rios da 3\u00aa etapa e suas orientadoras, tamb\u00e9m realizar\u00e3o palestras preventivas de temas variados nas Escolas Estaduais Afonso Pena e Cardeal Roncalli, pela manh\u00e3 e tarde.<\/p>\n<p style=\"text-align: justify;\"><strong>11\/05, quarta-feira<\/strong><\/p>\n<ul style=\"text-align: justify;\">\n<li style=\"text-align: justify;\">19h15min: Palestra com o tema &#8220;Registros de Enfermagem&#8221;, com Carmem Cristiane Schultz.<\/li>\n<\/ul>\n<p style=\"text-align: justify;\"><strong>12\/05, quinta-feira<\/strong><\/p>\n<ul style=\"text-align: justify;\">\n<li style=\"text-align: justify;\">Recep\u00e7\u00e3o dos alunos de todos os cursos com entrega de mensagem do Dia do Enfermeiro.<\/li>\n<li style=\"text-align: justify;\">20h40min: Palestra com a psic\u00f3loga Dalila Tres com o tema &#8220;A preven\u00e7\u00e3o contribuindo na qualidade de vida&#8221;. Local: Sala de multim\u00eddia.<\/li>\n<li style=\"text-align: justify;\">Murais explicativos sobre a atua\u00e7\u00e3o da Enfermagem.<\/li>\n<\/ul>\n<p style=\"text-align: justify;\"><strong>13\/05, sexta-feira<\/strong><\/p>\n<ul style=\"text-align: justify;\">\n<li>Murais explicativos e bancas sobre a preven\u00e7\u00e3o da H1N1, no intervalo dos per\u00edodos.<\/li>\n<\/ul>\n<p style=\"text-align: justify;\"><strong>16\/05, segunda-feira<\/strong><\/p>\n<ul style=\"text-align: justify;\">\n<li>Murais explicativos e bancas sobre preven\u00e7\u00e3o da dengue, zika v\u00edrus e chikungunya, no intervalo dos per\u00edodos.<\/li>\n<\/ul>\n<p style=\"text-align: justify;\"><strong>17\/05, ter\u00e7a-feira<\/strong><\/p>\n<ul style=\"text-align: justify;\">\n<li>Murais explicativos e bancas sobre dietas e IMC, no intervalo dos per\u00edodos.<\/li>\n<\/ul>\n<p style=\"text-align: justify;\"><strong>19\/05, quinta-feira<\/strong><\/p>\n<ul style=\"text-align: justify;\">\n<li>Murais explicativos e bancas sobre \u00e1lcool e drogas, no intervalo dos per\u00edodos.<\/li>\n<\/ul>\n<p style=\"text-align: justify;\"><strong>20\/05, sexta-feira<\/strong><\/p>\n<ul style=\"text-align: justify;\">\n<li>20h45min: Murais explicativos e bancas sobre hipertens\u00e3o e automedica\u00e7\u00e3o.<\/li>\n<li>Sorteio de pr\u00eamios em comemora\u00e7\u00e3o \u00e0 Semana da Enfermagem.<\/li>\n<\/ul>\n\n\t\t<style type=\"text\/css\">\n\t\t\t#gallery-1 {\n\t\t\t\tmargin: auto;\n\t\t\t}\n\t\t\t#gallery-1 .gallery-item {\n\t\t\t\tfloat: left;\n\t\t\t\tmargin-top: 10px;\n\t\t\t\ttext-align: center;\n\t\t\t\twidth: 25%;\n\t\t\t}\n\t\t\t#gallery-1 img {\n\t\t\t\tborder: 2px solid #cfcfcf;\n\t\t\t}\n\t\t\t#gallery-1 .gallery-caption {\n\t\t\t\tmargin-left: 0;\n\t\t\t}\n\t\t\t\/* see gallery_shortcode() in wp-includes\/media.php *\/\n\t\t<\/style>\n\t\t<div id='gallery-1' class='gallery galleryid-18156 gallery-columns-4 gallery-size-thumbnail'><dl class='gallery-item'>\n\t\t\t<dt class='gallery-icon landscape'>\n\t\t\t\t<a href='https:\/\/www2.comunitaria.com.br\/en\/escola-jose-canellas-esta-completando-52-anos\/dsc_0005-29\/'><img loading=\"lazy\" decoding=\"async\" width=\"150\" height=\"150\" src=\"https:\/\/www2.comunitaria.com.br\/wp-content\/uploads\/2016\/05\/DSC_0005-150x150.jpg\" class=\"attachment-thumbnail size-thumbnail\" alt=\"\" srcset=\"https:\/\/www2.comunitaria.com.br\/wp-content\/uploads\/2016\/05\/DSC_0005-150x150.jpg 150w, https:\/\/www2.comunitaria.com.br\/wp-content\/uploads\/2016\/05\/DSC_0005-65x65.jpg 65w\" sizes=\"auto, (max-width: 150px) 100vw, 150px\" \/><\/a>\n\t\t\t<\/dt><\/dl><dl class='gallery-item'>\n\t\t\t<dt class='gallery-icon landscape'>\n\t\t\t\t<a href='https:\/\/www2.comunitaria.com.br\/en\/escola-jose-canellas-esta-completando-52-anos\/dsc_0009-24\/'><img loading=\"lazy\" decoding=\"async\" width=\"150\" height=\"150\" src=\"https:\/\/www2.comunitaria.com.br\/wp-content\/uploads\/2016\/05\/DSC_0009-1-150x150.jpg\" class=\"attachment-thumbnail size-thumbnail\" alt=\"\" srcset=\"https:\/\/www2.comunitaria.com.br\/wp-content\/uploads\/2016\/05\/DSC_0009-1-150x150.jpg 150w, https:\/\/www2.comunitaria.com.br\/wp-content\/uploads\/2016\/05\/DSC_0009-1-65x65.jpg 65w\" sizes=\"auto, (max-width: 150px) 100vw, 150px\" \/><\/a>\n\t\t\t<\/dt><\/dl><dl class='gallery-item'>\n\t\t\t<dt class='gallery-icon landscape'>\n\t\t\t\t<a href='https:\/\/www2.comunitaria.com.br\/en\/escola-jose-canellas-esta-completando-52-anos\/dsc_0013-28\/'><img loading=\"lazy\" decoding=\"async\" width=\"150\" height=\"150\" src=\"https:\/\/www2.comunitaria.com.br\/wp-content\/uploads\/2016\/05\/DSC_0013-150x150.jpg\" class=\"attachment-thumbnail size-thumbnail\" alt=\"\" srcset=\"https:\/\/www2.comunitaria.com.br\/wp-content\/uploads\/2016\/05\/DSC_0013-150x150.jpg 150w, https:\/\/www2.comunitaria.com.br\/wp-content\/uploads\/2016\/05\/DSC_0013-65x65.jpg 65w\" sizes=\"auto, (max-width: 150px) 100vw, 150px\" \/><\/a>\n\t\t\t<\/dt><\/dl><dl class='gallery-item'>\n\t\t\t<dt class='gallery-icon landscape'>\n\t\t\t\t<a href='https:\/\/www2.comunitaria.com.br\/en\/escola-jose-canellas-esta-completando-52-anos\/dsc_0015-33\/'><img loading=\"lazy\" decoding=\"async\" width=\"150\" height=\"150\" src=\"https:\/\/www2.comunitaria.com.br\/wp-content\/uploads\/2016\/05\/DSC_0015-150x150.jpg\" class=\"attachment-thumbnail size-thumbnail\" alt=\"\" srcset=\"https:\/\/www2.comunitaria.com.br\/wp-content\/uploads\/2016\/05\/DSC_0015-150x150.jpg 150w, https:\/\/www2.comunitaria.com.br\/wp-content\/uploads\/2016\/05\/DSC_0015-65x65.jpg 65w\" sizes=\"auto, (max-width: 150px) 100vw, 150px\" \/><\/a>\n\t\t\t<\/dt><\/dl><br style=\"clear: both\" \/><dl class='gallery-item'>\n\t\t\t<dt class='gallery-icon landscape'>\n\t\t\t\t<a href='https:\/\/www2.comunitaria.com.br\/en\/escola-jose-canellas-esta-completando-52-anos\/dsc_0018-32\/'><img loading=\"lazy\" decoding=\"async\" width=\"150\" height=\"150\" src=\"https:\/\/www2.comunitaria.com.br\/wp-content\/uploads\/2016\/05\/DSC_0018-1-150x150.jpg\" class=\"attachment-thumbnail size-thumbnail\" alt=\"\" srcset=\"https:\/\/www2.comunitaria.com.br\/wp-content\/uploads\/2016\/05\/DSC_0018-1-150x150.jpg 150w, https:\/\/www2.comunitaria.com.br\/wp-content\/uploads\/2016\/05\/DSC_0018-1-65x65.jpg 65w\" sizes=\"auto, (max-width: 150px) 100vw, 150px\" \/><\/a>\n\t\t\t<\/dt><\/dl><dl class='gallery-item'>\n\t\t\t<dt class='gallery-icon landscape'>\n\t\t\t\t<a href='https:\/\/www2.comunitaria.com.br\/en\/escola-jose-canellas-esta-completando-52-anos\/dsc_0024-25\/'><img loading=\"lazy\" decoding=\"async\" width=\"150\" height=\"150\" src=\"https:\/\/www2.comunitaria.com.br\/wp-content\/uploads\/2016\/05\/DSC_0024-1-150x150.jpg\" class=\"attachment-thumbnail size-thumbnail\" alt=\"\" srcset=\"https:\/\/www2.comunitaria.com.br\/wp-content\/uploads\/2016\/05\/DSC_0024-1-150x150.jpg 150w, https:\/\/www2.comunitaria.com.br\/wp-content\/uploads\/2016\/05\/DSC_0024-1-65x65.jpg 65w\" sizes=\"auto, (max-width: 150px) 100vw, 150px\" \/><\/a>\n\t\t\t<\/dt><\/dl><dl class='gallery-item'>\n\t\t\t<dt class='gallery-icon landscape'>\n\t\t\t\t<a href='https:\/\/www2.comunitaria.com.br\/en\/escola-jose-canellas-esta-completando-52-anos\/dsc_0027-29\/'><img loading=\"lazy\" decoding=\"async\" width=\"150\" height=\"150\" src=\"https:\/\/www2.comunitaria.com.br\/wp-content\/uploads\/2016\/05\/DSC_0027-1-150x150.jpg\" class=\"attachment-thumbnail size-thumbnail\" alt=\"\" srcset=\"https:\/\/www2.comunitaria.com.br\/wp-content\/uploads\/2016\/05\/DSC_0027-1-150x150.jpg 150w, https:\/\/www2.comunitaria.com.br\/wp-content\/uploads\/2016\/05\/DSC_0027-1-65x65.jpg 65w\" sizes=\"auto, (max-width: 150px) 100vw, 150px\" \/><\/a>\n\t\t\t<\/dt><\/dl><dl class='gallery-item'>\n\t\t\t<dt class='gallery-icon landscape'>\n\t\t\t\t<a href='https:\/\/www2.comunitaria.com.br\/en\/escola-jose-canellas-esta-completando-52-anos\/dsc_0031-21\/'><img loading=\"lazy\" decoding=\"async\" width=\"150\" height=\"150\" src=\"https:\/\/www2.comunitaria.com.br\/wp-content\/uploads\/2016\/05\/DSC_0031-150x150.jpg\" class=\"attachment-thumbnail size-thumbnail\" alt=\"\" srcset=\"https:\/\/www2.comunitaria.com.br\/wp-content\/uploads\/2016\/05\/DSC_0031-150x150.jpg 150w, https:\/\/www2.comunitaria.com.br\/wp-content\/uploads\/2016\/05\/DSC_0031-65x65.jpg 65w\" sizes=\"auto, (max-width: 150px) 100vw, 150px\" \/><\/a>\n\t\t\t<\/dt><\/dl><br style=\"clear: both\" \/>\n\t\t<\/div>\n\n<p style=\"text-align: justify;\"><strong>Eduarda Wilhelm<\/strong><\/p>","protected":false},"excerpt":{"rendered":"<p>A Escola Estadual T\u00e9cnica Jos\u00e9 Ca\u00f1ellas, fundada no dia 06 de maio de 1964, est\u00e1 completando 52 anos de hist\u00f3ria. Foi a primeira escola que possibilitou a continua\u00e7\u00e3o dos estudos no munic\u00edpio ap\u00f3s a conclus\u00e3o do prim\u00e1rio. Em seu primeiro ano de cria\u00e7\u00e3o, funcionava junto \u00e0 Escola Grupo da Sede, hoje Sep\u00e9 Tiaraju. Os professores<\/p>\n<div class=\"read-more-wrapper\"><a class=\"read-more\" href=\"https:\/\/www2.comunitaria.com.br\/en\/escola-jose-canellas-esta-completando-52-anos\/\" title=\"Read More\"> <span class=\"button\">Read More<\/span><\/a><\/div>","protected":false},"author":2,"featured_media":18200,"comment_status":"open","ping_status":"closed","sticky":false,"template":"","format":"standard","meta":{"ngg_post_thumbnail":0,"footnotes":""},"categories":[51,44,42,28,33,35],"tags":[482,1876,413,1918,288],"class_list":["post-18156","post","type-post","status-publish","format-standard","has-post-thumbnail","hentry","category-audio","category-educacao","category-fred-west","category-destaque","category-noticias","category-variedades","tag-aniversario","tag-atividades","tag-educacao-2","tag-escola-jose-canellas","tag-programacao"],"amp_enabled":true,"_links":{"self":[{"href":"https:\/\/www2.comunitaria.com.br\/en\/wp-json\/wp\/v2\/posts\/18156","targetHints":{"allow":["GET"]}}],"collection":[{"href":"https:\/\/www2.comunitaria.com.br\/en\/wp-json\/wp\/v2\/posts"}],"about":[{"href":"https:\/\/www2.comunitaria.com.br\/en\/wp-json\/wp\/v2\/types\/post"}],"author":[{"embeddable":true,"href":"https:\/\/www2.comunitaria.com.br\/en\/wp-json\/wp\/v2\/users\/2"}],"replies":[{"embeddable":true,"href":"https:\/\/www2.comunitaria.com.br\/en\/wp-json\/wp\/v2\/comments?post=18156"}],"version-history":[{"count":0,"href":"https:\/\/www2.comunitaria.com.br\/en\/wp-json\/wp\/v2\/posts\/18156\/revisions"}],"wp:featuredmedia":[{"embeddable":true,"href":"https:\/\/www2.comunitaria.com.br\/en\/wp-json\/wp\/v2\/media\/18200"}],"wp:attachment":[{"href":"https:\/\/www2.comunitaria.com.br\/en\/wp-json\/wp\/v2\/media?parent=18156"}],"wp:term":[{"taxonomy":"category","embeddable":true,"href":"https:\/\/www2.comunitaria.com.br\/en\/wp-json\/wp\/v2\/categories?post=18156"},{"taxonomy":"post_tag","embeddable":true,"href":"https:\/\/www2.comunitaria.com.br\/en\/wp-json\/wp\/v2\/tags?post=18156"}],"curies":[{"name":"wp","href":"https:\/\/api.w.org\/{rel}","templated":true}]}}