{"id":18073,"date":"2016-05-02T12:17:21","date_gmt":"2016-05-02T14:17:21","guid":{"rendered":"http:\/\/www2.comunitaria.com.br\/?p=18073"},"modified":"2016-05-02T13:01:34","modified_gmt":"2016-05-02T15:01:34","slug":"urifw-lanca-vestibular-de-inverno-2016","status":"publish","type":"post","link":"https:\/\/www2.comunitaria.com.br\/en\/urifw-lanca-vestibular-de-inverno-2016\/","title":{"rendered":"URI\/FW lan\u00e7a Vestibular de Inverno 2016"},"content":{"rendered":"<p style=\"text-align: justify;\">Na manh\u00e3 desta segunda-feira, 2, a Universidade Regional Integrada de Frederico Westphalen (URI\/FW), lan\u00e7ou o Vestibular de Inverno 2016. A solenidade contou com diversos membros da Universidade, al\u00e9m da imprensa regional.<\/p>\n<p style=\"text-align: justify;\">Com o slogan &#8220;O conhecimento muda a sua vida&#8221; esta edi\u00e7\u00e3o do vestibular ofertar\u00e1 150 vagas em tr\u00eas cursos noturnos. Arquitetura e Urbanismo ter\u00e1 40 vagas, Direito 60 vagas e Engenharia Civil 50 vagas.<\/p>\n<p style=\"text-align: justify;\">A diretora acad\u00eamica, Elisabete Cerutti, fala sobre a oferta dos cursos e inscri\u00e7\u00f5es:<\/p>\n<!--[if lt IE 9]><script>document.createElement('audio');<\/script><![endif]-->\n<audio class=\"wp-audio-shortcode\" id=\"audio-18073-1\" preload=\"none\" style=\"width: 100%;\" controls=\"controls\"><source type=\"audio\/mpeg\" src=\"http:\/\/www2.comunitaria.com.br\/wp-content\/uploads\/2016\/05\/Elisabete-01.mp3?_=1\" \/><a href=\"http:\/\/www2.comunitaria.com.br\/wp-content\/uploads\/2016\/05\/Elisabete-01.mp3\">http:\/\/www2.comunitaria.com.br\/wp-content\/uploads\/2016\/05\/Elisabete-01.mp3<\/a><\/audio>\n<p style=\"text-align: justify;\">Elisabete tamb\u00e9m comenta sobre as ofertas de vagas para Engenharia Civil, \u00a0novidade desta edi\u00e7\u00e3o:<\/p>\n<audio class=\"wp-audio-shortcode\" id=\"audio-18073-2\" preload=\"none\" style=\"width: 100%;\" controls=\"controls\"><source type=\"audio\/mpeg\" src=\"http:\/\/www2.comunitaria.com.br\/wp-content\/uploads\/2016\/05\/Elisabete-02.mp3?_=2\" \/><a href=\"http:\/\/www2.comunitaria.com.br\/wp-content\/uploads\/2016\/05\/Elisabete-02.mp3\">http:\/\/www2.comunitaria.com.br\/wp-content\/uploads\/2016\/05\/Elisabete-02.mp3<\/a><\/audio>\n<p style=\"text-align: justify;\">As inscri\u00e7\u00f5es para o Vestibular de Inverno j\u00e1 est\u00e3o abertas e podem ser realizadas at\u00e9 o dia 6 de junho somente pelo <a href=\"http:\/\/vestibular.uri.br\" target=\"_blank\">site da universidade<\/a>. A Prova acontece no dia 12 de junho com in\u00edcio \u00e0s 14h. No site da URI, os vestibulandos encontram o edital do vestibular, al\u00e9m das provas anteriores e gabaritos para a realiza\u00e7\u00e3o de simulados.<\/p>\n<p style=\"text-align: justify;\">Conhe\u00e7a mais sobre os cursos ofertados pela URI nesta edi\u00e7\u00e3o do Vestibular de Inverno:<\/p>\n<p style=\"text-align: justify;\"><strong>Arquitetura e Urbanismo<br \/>\n<\/strong>O arquiteto e urbanista \u00e9 o profissional que cuida do h\u00e1bitat humano. Ele planeja desde o habitar m\u00ednimo \u2013 a unidade residencial \u2013 at\u00e9 a cidade. Atua na organiza\u00e7\u00e3o do espa\u00e7o p\u00fablico, na execu\u00e7\u00e3o de pol\u00edticas p\u00fablicas voltadas para as quest\u00f5es urbanas e no espa\u00e7o privado, dando vida a projetos de edifica\u00e7\u00f5es.<\/p>\n<p style=\"text-align: justify;\">O Curso de Arquitetura e Urbanismo da URI &#8211; C\u00e2mpus de Frederico Westphalen conta com um processo educacional comprometido em formar profissionais capacitados para ingressar no mercado de trabalho, atrav\u00e9s da viv\u00eancia pr\u00e1tica concomitantemente com a teoria aplicada.<\/p>\n<p style=\"text-align: justify;\">Entre os principais objetivos, o curso busca desenvolver uma consci\u00eancia cr\u00edtica, capacitando o acad\u00eamico a uma avalia\u00e7\u00e3o da produ\u00e7\u00e3o arquitet\u00f4nica e urban\u00edstica como ferramenta de transforma\u00e7\u00e3o social e cidad\u00e3<\/p>\n<p style=\"text-align: justify;\">Desta forma, o Curso de Arquitetura e Urbanismo da URI \u2013 C\u00e2mpus de Frederico Westphalen procura oportunizar e estimular os acad\u00eamicos a atividades curriculares e extracurriculares.<\/p>\n<p style=\"text-align: justify;\"><strong>Direito\u00a0<\/strong><br \/>\nO curso da URI\/FW \u00e9 reconhecido nacionalmente, devido aos sucessivos conceitos \u201cA\u201dno prov\u00e3o do MEC, aos excelentes \u00edndices de aprova\u00e7\u00e3o em exames da OAB e em concursos p\u00fablicos. Com o esfor\u00e7o e dedica\u00e7\u00e3o dos Diretores, Coordenadores, Professores e Alunos, alcan\u00e7ou o Selo de Qualidade \u201cOAB Recomenda\u201d.<\/p>\n<p style=\"text-align: justify;\">Al\u00e9m disso tudo, destacam-se a qualifica\u00e7\u00e3o do corpo docente e a preocupa\u00e7\u00e3o constante em formar profissionais capazes de compreender e aplicar, com \u00e9tica e efici\u00eancia, os princ\u00edpios e regras que norteiam o ordenamento jur\u00eddico brasileiro.<\/p>\n<p style=\"text-align: justify;\"><strong>Engenharia Civil<\/strong><\/p>\n<p style=\"text-align: justify;\">A Engenharia Civil est\u00e1 envolvida inserida em praticamente toda a cadeia produtiva, sendo uma das maiores respons\u00e1veis pelo aquecimento da economia e desenvolvimento de nossas cidades.<\/p>\n<p style=\"text-align: justify;\">Com uma carga hor\u00e1ria de 4.080ha e uma das grades curriculares mais amplas e completas na \u00e1rea, o engenheiro Civil formado na URI, n\u00e3o desenvolve sua capacidade exclusivamente na \u00e1rea t\u00e9cnica, mas integra a gest\u00e3o e o planejamento \u00e0s suas atividades principais, em altos cargos de chefia de empresas p\u00fablica ou privada.<\/p>\n<p style=\"text-align: justify;\">Isto porque o profissional desenvolve a capacidade de liderar grupos, uma vez que, possui uma forma\u00e7\u00e3o b\u00e1sica s\u00f3lida e racioc\u00ednio anal\u00edtico. Al\u00e9m disso, tamb\u00e9m \u00e9 desej\u00e1vel um senso cr\u00edtico para lidar com as complexas quest\u00f5es contempor\u00e2neas, pois elas envolvem in\u00fameras vari\u00e1veis dos mais diversos campos disciplinares. Caracter\u00edsticas essas, s\u00e3o muito procuradas no mercado de trabalho. A Engenharia Civil est\u00e1 associada \u00e0 tecnologia e fruto disso \u00e9 o interprofissionalismo.<\/p>\n<p style=\"text-align: justify;\">Neste per\u00edodo de desenvolvimento e crescimento nacional e, com o impulso dado \u00e0s \u00e1reas de atua\u00e7\u00e3o do Engenharia Civil, verifica-se uma tend\u00eancia de que a maioria dos egressos j\u00e1 est\u00e1 sendo aguardados para contrata\u00e7\u00e3o de empresas, muitas vezes antes at\u00e9 da sua gradua\u00e7\u00e3o.<\/p>\n<p style=\"text-align: justify;\"><a href=\"http:\/\/www2.comunitaria.com.br\/en\/urifw-lanca-vestibular-de-inverno-2016\/13116061_1032727136798231_5243773416421486755_o\/\" rel=\"attachment wp-att-18092\"><img loading=\"lazy\" decoding=\"async\" class=\"alignright wp-image-18092\" src=\"http:\/\/www2.comunitaria.com.br\/wp-content\/uploads\/2016\/05\/13116061_1032727136798231_5243773416421486755_o.jpg\" alt=\"13116061_1032727136798231_5243773416421486755_o\" width=\"980\" height=\"362\" srcset=\"https:\/\/www2.comunitaria.com.br\/wp-content\/uploads\/2016\/05\/13116061_1032727136798231_5243773416421486755_o.jpg 1680w, https:\/\/www2.comunitaria.com.br\/wp-content\/uploads\/2016\/05\/13116061_1032727136798231_5243773416421486755_o-300x111.jpg 300w, https:\/\/www2.comunitaria.com.br\/wp-content\/uploads\/2016\/05\/13116061_1032727136798231_5243773416421486755_o-768x284.jpg 768w, https:\/\/www2.comunitaria.com.br\/wp-content\/uploads\/2016\/05\/13116061_1032727136798231_5243773416421486755_o-1024x379.jpg 1024w\" sizes=\"auto, (max-width: 980px) 100vw, 980px\" \/><\/a><\/p>\n\n\t\t<style type=\"text\/css\">\n\t\t\t#gallery-1 {\n\t\t\t\tmargin: auto;\n\t\t\t}\n\t\t\t#gallery-1 .gallery-item {\n\t\t\t\tfloat: left;\n\t\t\t\tmargin-top: 10px;\n\t\t\t\ttext-align: center;\n\t\t\t\twidth: 33%;\n\t\t\t}\n\t\t\t#gallery-1 img {\n\t\t\t\tborder: 2px solid #cfcfcf;\n\t\t\t}\n\t\t\t#gallery-1 .gallery-caption {\n\t\t\t\tmargin-left: 0;\n\t\t\t}\n\t\t\t\/* see gallery_shortcode() in wp-includes\/media.php *\/\n\t\t<\/style>\n\t\t<div id='gallery-1' class='gallery galleryid-18073 gallery-columns-3 gallery-size-thumbnail'><dl class='gallery-item'>\n\t\t\t<dt class='gallery-icon landscape'>\n\t\t\t\t<a href='https:\/\/www2.comunitaria.com.br\/en\/urifw-lanca-vestibular-de-inverno-2016\/dsc_0046-24\/'><img loading=\"lazy\" decoding=\"async\" width=\"150\" height=\"150\" src=\"https:\/\/www2.comunitaria.com.br\/wp-content\/uploads\/2016\/05\/DSC_0046-150x150.jpg\" class=\"attachment-thumbnail size-thumbnail\" alt=\"\" aria-describedby=\"gallery-1-18076\" srcset=\"https:\/\/www2.comunitaria.com.br\/wp-content\/uploads\/2016\/05\/DSC_0046-150x150.jpg 150w, https:\/\/www2.comunitaria.com.br\/wp-content\/uploads\/2016\/05\/DSC_0046-65x65.jpg 65w\" sizes=\"auto, (max-width: 150px) 100vw, 150px\" \/><\/a>\n\t\t\t<\/dt>\n\t\t\t\t<dd class='wp-caption-text gallery-caption' id='gallery-1-18076'>\n\t\t\t\tFoto: Sabrina Ritter\n\t\t\t\t<\/dd><\/dl><dl class='gallery-item'>\n\t\t\t<dt class='gallery-icon landscape'>\n\t\t\t\t<a href='https:\/\/www2.comunitaria.com.br\/en\/urifw-lanca-vestibular-de-inverno-2016\/dsc_0048-24\/'><img loading=\"lazy\" decoding=\"async\" width=\"150\" height=\"150\" src=\"https:\/\/www2.comunitaria.com.br\/wp-content\/uploads\/2016\/05\/DSC_0048-1-150x150.jpg\" class=\"attachment-thumbnail size-thumbnail\" alt=\"\" aria-describedby=\"gallery-1-18077\" srcset=\"https:\/\/www2.comunitaria.com.br\/wp-content\/uploads\/2016\/05\/DSC_0048-1-150x150.jpg 150w, https:\/\/www2.comunitaria.com.br\/wp-content\/uploads\/2016\/05\/DSC_0048-1-65x65.jpg 65w\" sizes=\"auto, (max-width: 150px) 100vw, 150px\" \/><\/a>\n\t\t\t<\/dt>\n\t\t\t\t<dd class='wp-caption-text gallery-caption' id='gallery-1-18077'>\n\t\t\t\tFoto: Sabrina Ritter\n\t\t\t\t<\/dd><\/dl><dl class='gallery-item'>\n\t\t\t<dt class='gallery-icon landscape'>\n\t\t\t\t<a href='https:\/\/www2.comunitaria.com.br\/en\/urifw-lanca-vestibular-de-inverno-2016\/dsc_0056-14\/'><img loading=\"lazy\" decoding=\"async\" width=\"150\" height=\"150\" src=\"https:\/\/www2.comunitaria.com.br\/wp-content\/uploads\/2016\/05\/DSC_0056-1-150x150.jpg\" class=\"attachment-thumbnail size-thumbnail\" alt=\"\" aria-describedby=\"gallery-1-18078\" srcset=\"https:\/\/www2.comunitaria.com.br\/wp-content\/uploads\/2016\/05\/DSC_0056-1-150x150.jpg 150w, https:\/\/www2.comunitaria.com.br\/wp-content\/uploads\/2016\/05\/DSC_0056-1-65x65.jpg 65w\" sizes=\"auto, (max-width: 150px) 100vw, 150px\" \/><\/a>\n\t\t\t<\/dt>\n\t\t\t\t<dd class='wp-caption-text gallery-caption' id='gallery-1-18078'>\n\t\t\t\tFoto: Sabrina Ritter\n\t\t\t\t<\/dd><\/dl><br style=\"clear: both\" \/><dl class='gallery-item'>\n\t\t\t<dt class='gallery-icon landscape'>\n\t\t\t\t<a href='https:\/\/www2.comunitaria.com.br\/en\/urifw-lanca-vestibular-de-inverno-2016\/dsc_0061-20\/'><img loading=\"lazy\" decoding=\"async\" width=\"150\" height=\"150\" src=\"https:\/\/www2.comunitaria.com.br\/wp-content\/uploads\/2016\/05\/DSC_0061-1-150x150.jpg\" class=\"attachment-thumbnail size-thumbnail\" alt=\"\" aria-describedby=\"gallery-1-18079\" srcset=\"https:\/\/www2.comunitaria.com.br\/wp-content\/uploads\/2016\/05\/DSC_0061-1-150x150.jpg 150w, https:\/\/www2.comunitaria.com.br\/wp-content\/uploads\/2016\/05\/DSC_0061-1-65x65.jpg 65w\" sizes=\"auto, (max-width: 150px) 100vw, 150px\" \/><\/a>\n\t\t\t<\/dt>\n\t\t\t\t<dd class='wp-caption-text gallery-caption' id='gallery-1-18079'>\n\t\t\t\tFoto: Sabrina Ritter\n\t\t\t\t<\/dd><\/dl><dl class='gallery-item'>\n\t\t\t<dt class='gallery-icon landscape'>\n\t\t\t\t<a href='https:\/\/www2.comunitaria.com.br\/en\/urifw-lanca-vestibular-de-inverno-2016\/dsc_0069-13\/'><img loading=\"lazy\" decoding=\"async\" width=\"150\" height=\"150\" src=\"https:\/\/www2.comunitaria.com.br\/wp-content\/uploads\/2016\/05\/DSC_0069-150x150.jpg\" class=\"attachment-thumbnail size-thumbnail\" alt=\"\" aria-describedby=\"gallery-1-18080\" srcset=\"https:\/\/www2.comunitaria.com.br\/wp-content\/uploads\/2016\/05\/DSC_0069-150x150.jpg 150w, https:\/\/www2.comunitaria.com.br\/wp-content\/uploads\/2016\/05\/DSC_0069-65x65.jpg 65w\" sizes=\"auto, (max-width: 150px) 100vw, 150px\" \/><\/a>\n\t\t\t<\/dt>\n\t\t\t\t<dd class='wp-caption-text gallery-caption' id='gallery-1-18080'>\n\t\t\t\tFoto: Sabrina Ritter\n\t\t\t\t<\/dd><\/dl><dl class='gallery-item'>\n\t\t\t<dt class='gallery-icon landscape'>\n\t\t\t\t<a href='https:\/\/www2.comunitaria.com.br\/en\/urifw-lanca-vestibular-de-inverno-2016\/dsc_0073-11\/'><img loading=\"lazy\" decoding=\"async\" width=\"150\" height=\"150\" src=\"https:\/\/www2.comunitaria.com.br\/wp-content\/uploads\/2016\/05\/DSC_0073-150x150.jpg\" class=\"attachment-thumbnail size-thumbnail\" alt=\"\" aria-describedby=\"gallery-1-18081\" srcset=\"https:\/\/www2.comunitaria.com.br\/wp-content\/uploads\/2016\/05\/DSC_0073-150x150.jpg 150w, https:\/\/www2.comunitaria.com.br\/wp-content\/uploads\/2016\/05\/DSC_0073-65x65.jpg 65w\" sizes=\"auto, (max-width: 150px) 100vw, 150px\" \/><\/a>\n\t\t\t<\/dt>\n\t\t\t\t<dd class='wp-caption-text gallery-caption' id='gallery-1-18081'>\n\t\t\t\tFoto: Sabrina Ritter\n\t\t\t\t<\/dd><\/dl><br style=\"clear: both\" \/><dl class='gallery-item'>\n\t\t\t<dt class='gallery-icon landscape'>\n\t\t\t\t<a href='https:\/\/www2.comunitaria.com.br\/en\/urifw-lanca-vestibular-de-inverno-2016\/dsc_0078-20\/'><img loading=\"lazy\" decoding=\"async\" width=\"150\" height=\"150\" src=\"https:\/\/www2.comunitaria.com.br\/wp-content\/uploads\/2016\/05\/DSC_0078-150x150.jpg\" class=\"attachment-thumbnail size-thumbnail\" alt=\"\" aria-describedby=\"gallery-1-18082\" srcset=\"https:\/\/www2.comunitaria.com.br\/wp-content\/uploads\/2016\/05\/DSC_0078-150x150.jpg 150w, https:\/\/www2.comunitaria.com.br\/wp-content\/uploads\/2016\/05\/DSC_0078-65x65.jpg 65w\" sizes=\"auto, (max-width: 150px) 100vw, 150px\" \/><\/a>\n\t\t\t<\/dt>\n\t\t\t\t<dd class='wp-caption-text gallery-caption' id='gallery-1-18082'>\n\t\t\t\tFoto: Sabrina Ritter\n\t\t\t\t<\/dd><\/dl><dl class='gallery-item'>\n\t\t\t<dt class='gallery-icon landscape'>\n\t\t\t\t<a href='https:\/\/www2.comunitaria.com.br\/en\/urifw-lanca-vestibular-de-inverno-2016\/dsc_0079-16\/'><img loading=\"lazy\" decoding=\"async\" width=\"150\" height=\"150\" src=\"https:\/\/www2.comunitaria.com.br\/wp-content\/uploads\/2016\/05\/DSC_0079-150x150.jpg\" class=\"attachment-thumbnail size-thumbnail\" alt=\"\" aria-describedby=\"gallery-1-18083\" srcset=\"https:\/\/www2.comunitaria.com.br\/wp-content\/uploads\/2016\/05\/DSC_0079-150x150.jpg 150w, https:\/\/www2.comunitaria.com.br\/wp-content\/uploads\/2016\/05\/DSC_0079-65x65.jpg 65w\" sizes=\"auto, (max-width: 150px) 100vw, 150px\" \/><\/a>\n\t\t\t<\/dt>\n\t\t\t\t<dd class='wp-caption-text gallery-caption' id='gallery-1-18083'>\n\t\t\t\tFoto: Sabrina Ritter\n\t\t\t\t<\/dd><\/dl><dl class='gallery-item'>\n\t\t\t<dt class='gallery-icon landscape'>\n\t\t\t\t<a href='https:\/\/www2.comunitaria.com.br\/en\/urifw-lanca-vestibular-de-inverno-2016\/dsc_0082-24\/'><img loading=\"lazy\" decoding=\"async\" width=\"150\" height=\"150\" src=\"https:\/\/www2.comunitaria.com.br\/wp-content\/uploads\/2016\/05\/DSC_0082-150x150.jpg\" class=\"attachment-thumbnail size-thumbnail\" alt=\"\" aria-describedby=\"gallery-1-18084\" srcset=\"https:\/\/www2.comunitaria.com.br\/wp-content\/uploads\/2016\/05\/DSC_0082-150x150.jpg 150w, https:\/\/www2.comunitaria.com.br\/wp-content\/uploads\/2016\/05\/DSC_0082-65x65.jpg 65w\" sizes=\"auto, (max-width: 150px) 100vw, 150px\" \/><\/a>\n\t\t\t<\/dt>\n\t\t\t\t<dd class='wp-caption-text gallery-caption' id='gallery-1-18084'>\n\t\t\t\tFoto: Sabrina Ritter\n\t\t\t\t<\/dd><\/dl><br style=\"clear: both\" \/><dl class='gallery-item'>\n\t\t\t<dt class='gallery-icon landscape'>\n\t\t\t\t<a href='https:\/\/www2.comunitaria.com.br\/en\/urifw-lanca-vestibular-de-inverno-2016\/dsc_0084-15\/'><img loading=\"lazy\" decoding=\"async\" width=\"150\" height=\"150\" src=\"https:\/\/www2.comunitaria.com.br\/wp-content\/uploads\/2016\/05\/DSC_0084-1-150x150.jpg\" class=\"attachment-thumbnail size-thumbnail\" alt=\"\" aria-describedby=\"gallery-1-18085\" srcset=\"https:\/\/www2.comunitaria.com.br\/wp-content\/uploads\/2016\/05\/DSC_0084-1-150x150.jpg 150w, https:\/\/www2.comunitaria.com.br\/wp-content\/uploads\/2016\/05\/DSC_0084-1-65x65.jpg 65w\" sizes=\"auto, (max-width: 150px) 100vw, 150px\" \/><\/a>\n\t\t\t<\/dt>\n\t\t\t\t<dd class='wp-caption-text gallery-caption' id='gallery-1-18085'>\n\t\t\t\tFoto: Sabrina Ritter\n\t\t\t\t<\/dd><\/dl><dl class='gallery-item'>\n\t\t\t<dt class='gallery-icon landscape'>\n\t\t\t\t<a href='https:\/\/www2.comunitaria.com.br\/en\/urifw-lanca-vestibular-de-inverno-2016\/dsc_0085-17\/'><img loading=\"lazy\" decoding=\"async\" width=\"150\" height=\"150\" src=\"https:\/\/www2.comunitaria.com.br\/wp-content\/uploads\/2016\/05\/DSC_0085-150x150.jpg\" class=\"attachment-thumbnail size-thumbnail\" alt=\"\" aria-describedby=\"gallery-1-18086\" srcset=\"https:\/\/www2.comunitaria.com.br\/wp-content\/uploads\/2016\/05\/DSC_0085-150x150.jpg 150w, https:\/\/www2.comunitaria.com.br\/wp-content\/uploads\/2016\/05\/DSC_0085-65x65.jpg 65w\" sizes=\"auto, (max-width: 150px) 100vw, 150px\" \/><\/a>\n\t\t\t<\/dt>\n\t\t\t\t<dd class='wp-caption-text gallery-caption' id='gallery-1-18086'>\n\t\t\t\tFoto: Sabrina Ritter\n\t\t\t\t<\/dd><\/dl><dl class='gallery-item'>\n\t\t\t<dt class='gallery-icon landscape'>\n\t\t\t\t<a href='https:\/\/www2.comunitaria.com.br\/en\/urifw-lanca-vestibular-de-inverno-2016\/dsc_0086-17\/'><img loading=\"lazy\" decoding=\"async\" width=\"150\" height=\"150\" src=\"https:\/\/www2.comunitaria.com.br\/wp-content\/uploads\/2016\/05\/DSC_0086-150x150.jpg\" class=\"attachment-thumbnail size-thumbnail\" alt=\"\" aria-describedby=\"gallery-1-18087\" srcset=\"https:\/\/www2.comunitaria.com.br\/wp-content\/uploads\/2016\/05\/DSC_0086-150x150.jpg 150w, https:\/\/www2.comunitaria.com.br\/wp-content\/uploads\/2016\/05\/DSC_0086-65x65.jpg 65w\" sizes=\"auto, (max-width: 150px) 100vw, 150px\" \/><\/a>\n\t\t\t<\/dt>\n\t\t\t\t<dd class='wp-caption-text gallery-caption' id='gallery-1-18087'>\n\t\t\t\tFoto: Sabrina Ritter\n\t\t\t\t<\/dd><\/dl><br style=\"clear: both\" \/><dl class='gallery-item'>\n\t\t\t<dt class='gallery-icon landscape'>\n\t\t\t\t<a href='https:\/\/www2.comunitaria.com.br\/en\/urifw-lanca-vestibular-de-inverno-2016\/dsc_0088-17\/'><img loading=\"lazy\" decoding=\"async\" width=\"150\" height=\"150\" src=\"https:\/\/www2.comunitaria.com.br\/wp-content\/uploads\/2016\/05\/DSC_0088-150x150.jpg\" class=\"attachment-thumbnail size-thumbnail\" alt=\"\" aria-describedby=\"gallery-1-18088\" srcset=\"https:\/\/www2.comunitaria.com.br\/wp-content\/uploads\/2016\/05\/DSC_0088-150x150.jpg 150w, https:\/\/www2.comunitaria.com.br\/wp-content\/uploads\/2016\/05\/DSC_0088-65x65.jpg 65w\" sizes=\"auto, (max-width: 150px) 100vw, 150px\" \/><\/a>\n\t\t\t<\/dt>\n\t\t\t\t<dd class='wp-caption-text gallery-caption' id='gallery-1-18088'>\n\t\t\t\tFoto: Sabrina Ritter\n\t\t\t\t<\/dd><\/dl><dl class='gallery-item'>\n\t\t\t<dt class='gallery-icon landscape'>\n\t\t\t\t<a href='https:\/\/www2.comunitaria.com.br\/en\/urifw-lanca-vestibular-de-inverno-2016\/dsc_0091-19\/'><img loading=\"lazy\" decoding=\"async\" width=\"150\" height=\"150\" src=\"https:\/\/www2.comunitaria.com.br\/wp-content\/uploads\/2016\/05\/DSC_0091-150x150.jpg\" class=\"attachment-thumbnail size-thumbnail\" alt=\"\" aria-describedby=\"gallery-1-18089\" srcset=\"https:\/\/www2.comunitaria.com.br\/wp-content\/uploads\/2016\/05\/DSC_0091-150x150.jpg 150w, https:\/\/www2.comunitaria.com.br\/wp-content\/uploads\/2016\/05\/DSC_0091-65x65.jpg 65w\" sizes=\"auto, (max-width: 150px) 100vw, 150px\" \/><\/a>\n\t\t\t<\/dt>\n\t\t\t\t<dd class='wp-caption-text gallery-caption' id='gallery-1-18089'>\n\t\t\t\tFoto: Sabrina Ritter\n\t\t\t\t<\/dd><\/dl>\n\t\t\t<br style='clear: both' \/>\n\t\t<\/div>\n\n<p style=\"text-align: justify;\">","protected":false},"excerpt":{"rendered":"<p>Na manh\u00e3 desta segunda-feira, 2, a Universidade Regional Integrada de Frederico Westphalen (URI\/FW), lan\u00e7ou o Vestibular de Inverno 2016. A solenidade contou com diversos membros da Universidade, al\u00e9m da imprensa regional. Com o slogan &#8220;O conhecimento muda a sua vida&#8221; esta edi\u00e7\u00e3o do vestibular ofertar\u00e1 150 vagas em tr\u00eas cursos noturnos. Arquitetura e Urbanismo ter\u00e1<\/p>\n<div class=\"read-more-wrapper\"><a class=\"read-more\" href=\"https:\/\/www2.comunitaria.com.br\/en\/urifw-lanca-vestibular-de-inverno-2016\/\" title=\"Read More\"> <span class=\"button\">Read More<\/span><\/a><\/div>","protected":false},"author":2,"featured_media":18081,"comment_status":"open","ping_status":"closed","sticky":false,"template":"","format":"standard","meta":{"ngg_post_thumbnail":0,"footnotes":""},"categories":[44,42,28,33,43],"tags":[413,82,141,215,953],"class_list":["post-18073","post","type-post","status-publish","format-standard","has-post-thumbnail","hentry","category-educacao","category-fred-west","category-destaque","category-noticias","category-regiao","tag-educacao-2","tag-frederico-westphalen","tag-uri","tag-vestibular","tag-vestibular-de-inverno"],"amp_enabled":true,"_links":{"self":[{"href":"https:\/\/www2.comunitaria.com.br\/en\/wp-json\/wp\/v2\/posts\/18073","targetHints":{"allow":["GET"]}}],"collection":[{"href":"https:\/\/www2.comunitaria.com.br\/en\/wp-json\/wp\/v2\/posts"}],"about":[{"href":"https:\/\/www2.comunitaria.com.br\/en\/wp-json\/wp\/v2\/types\/post"}],"author":[{"embeddable":true,"href":"https:\/\/www2.comunitaria.com.br\/en\/wp-json\/wp\/v2\/users\/2"}],"replies":[{"embeddable":true,"href":"https:\/\/www2.comunitaria.com.br\/en\/wp-json\/wp\/v2\/comments?post=18073"}],"version-history":[{"count":0,"href":"https:\/\/www2.comunitaria.com.br\/en\/wp-json\/wp\/v2\/posts\/18073\/revisions"}],"wp:featuredmedia":[{"embeddable":true,"href":"https:\/\/www2.comunitaria.com.br\/en\/wp-json\/wp\/v2\/media\/18081"}],"wp:attachment":[{"href":"https:\/\/www2.comunitaria.com.br\/en\/wp-json\/wp\/v2\/media?parent=18073"}],"wp:term":[{"taxonomy":"category","embeddable":true,"href":"https:\/\/www2.comunitaria.com.br\/en\/wp-json\/wp\/v2\/categories?post=18073"},{"taxonomy":"post_tag","embeddable":true,"href":"https:\/\/www2.comunitaria.com.br\/en\/wp-json\/wp\/v2\/tags?post=18073"}],"curies":[{"name":"wp","href":"https:\/\/api.w.org\/{rel}","templated":true}]}}