{"id":17902,"date":"2016-04-26T17:18:15","date_gmt":"2016-04-26T19:18:15","guid":{"rendered":"http:\/\/www2.comunitaria.com.br\/?p=17902"},"modified":"2016-04-26T17:18:15","modified_gmt":"2016-04-26T19:18:15","slug":"oito-pessoas-sao-condenadas-por-fraudes-em-processos-licitatorios-de-palmitinho","status":"publish","type":"post","link":"https:\/\/www2.comunitaria.com.br\/en\/oito-pessoas-sao-condenadas-por-fraudes-em-processos-licitatorios-de-palmitinho\/","title":{"rendered":"Oito pessoas s\u00e3o condenadas por fraudes em processos licitat\u00f3rios de Palmitinho"},"content":{"rendered":"<div class=\"notdescricao rvfs-4\" data-rvfs=\"4\">\n<p style=\"text-align: justify;\">O Minist\u00e9rio P\u00fablico Federal em Santa Rosa (RS) obteve decis\u00e3o judicial condenando oito pessoas acusadas de fraudarem o car\u00e1ter competitivo de quatro processos licitat\u00f3rios realizados no ano de 2010 pelo Munic\u00edpio de Palmitinho\/RS para aquisi\u00e7\u00e3o de produtos m\u00e9dico-hospitalares.<\/p>\n<p style=\"text-align: justify;\">As irregularidades haviam sido descobertas pela \u201cOpera\u00e7\u00e3o Sa\u00fade\u201d, deflagrada em 2011.<\/p>\n<p style=\"text-align: justify;\">O juiz federal da 1\u00aa Vara Federal de Palmeira das Miss\u00f5es\/RS reconheceu a forma\u00e7\u00e3o de organiza\u00e7\u00e3o criminosa formada para fraudar o car\u00e1ter competitivo de licita\u00e7\u00f5es realizadas por munic\u00edpios ga\u00fachos.<\/p>\n<p style=\"text-align: justify;\">A quadrilha atuava mediante ajuste pr\u00e9vio para combina\u00e7\u00e3o de pre\u00e7os entre os participantes da licita\u00e7\u00e3o, evitando a efetiva concorr\u00eancia, com escolha pr\u00e9via da empresa que teria a proposta vencedora. Assim, sempre que um item era para ser vencido por uma empresa, as outras participantes cotavam o mesmo item com valor superior, praticando a chamada proposta de cobertura.<\/p>\n<p style=\"text-align: justify;\">Segundo a procuradora da Rep\u00fablica Let\u00edcia Carapeto Benrdt, os acusados formariam uma organiza\u00e7\u00e3o criminosa s\u00f3lida, com escala hier\u00e1rquica e agentes executores, dividida em n\u00facleos espec\u00edficos para realiza\u00e7\u00e3o das tarefas com o fim de cometer crimes contra as licita\u00e7\u00f5es p\u00fablicas.<\/p>\n<p style=\"text-align: justify;\">Ao todo, oito pessoas foram condenadas pela pr\u00e1tica dos crimes de viola\u00e7\u00e3o do car\u00e1ter competitivo de licita\u00e7\u00e3o (art. 90 da Lei n\u00ba 8.666\/90) e forma\u00e7\u00e3o de quadrilha (art. 288 do C\u00f3digo Penal).<\/p>\n<p style=\"text-align: justify;\">Da senten\u00e7a ainda cabe recurso ao Tribunal Regional Federal da 4\u00aa Regi\u00e3o.<\/p>\n<p style=\"text-align: justify;\">Ainda h\u00e1, na Justi\u00e7a Federal de Palmeira das Miss\u00f5es, outra a\u00e7\u00e3o penal aguardando senten\u00e7a, na qual o mesmo grupo criminoso foi denunciado pela fraude em cinco procedimentos licitat\u00f3rios realizados pelo Munic\u00edpio de Redentora\/RS, destinados \u00e0 aquisi\u00e7\u00e3o de produtos m\u00e9dico-hospitalares.<\/p>\n<p style=\"text-align: justify;\"><strong>ASCOM Minist\u00e9rio P\u00fablico Federal\/RS<\/strong><\/p>\n<\/div>","protected":false},"excerpt":{"rendered":"<p>O Minist\u00e9rio P\u00fablico Federal em Santa Rosa (RS) obteve decis\u00e3o judicial condenando oito pessoas acusadas de fraudarem o car\u00e1ter competitivo de quatro processos licitat\u00f3rios realizados no ano de 2010 pelo Munic\u00edpio de Palmitinho\/RS para aquisi\u00e7\u00e3o de produtos m\u00e9dico-hospitalares. As irregularidades haviam sido descobertas pela \u201cOpera\u00e7\u00e3o Sa\u00fade\u201d, deflagrada em 2011. O juiz federal da 1\u00aa Vara<\/p>\n<div class=\"read-more-wrapper\"><a class=\"read-more\" href=\"https:\/\/www2.comunitaria.com.br\/en\/oito-pessoas-sao-condenadas-por-fraudes-em-processos-licitatorios-de-palmitinho\/\" title=\"Read More\"> <span class=\"button\">Read More<\/span><\/a><\/div>","protected":false},"author":2,"featured_media":17903,"comment_status":"open","ping_status":"closed","sticky":false,"template":"","format":"standard","meta":{"ngg_post_thumbnail":0,"footnotes":""},"categories":[33,36,43],"tags":[2122,319,2841,191,2842],"class_list":["post-17902","post","type-post","status-publish","format-standard","has-post-thumbnail","hentry","category-noticias","category-policia","category-regiao","tag-condenacao","tag-fraude","tag-mpf","tag-palmitinho","tag-processo-licitatorio"],"amp_enabled":true,"_links":{"self":[{"href":"https:\/\/www2.comunitaria.com.br\/en\/wp-json\/wp\/v2\/posts\/17902","targetHints":{"allow":["GET"]}}],"collection":[{"href":"https:\/\/www2.comunitaria.com.br\/en\/wp-json\/wp\/v2\/posts"}],"about":[{"href":"https:\/\/www2.comunitaria.com.br\/en\/wp-json\/wp\/v2\/types\/post"}],"author":[{"embeddable":true,"href":"https:\/\/www2.comunitaria.com.br\/en\/wp-json\/wp\/v2\/users\/2"}],"replies":[{"embeddable":true,"href":"https:\/\/www2.comunitaria.com.br\/en\/wp-json\/wp\/v2\/comments?post=17902"}],"version-history":[{"count":0,"href":"https:\/\/www2.comunitaria.com.br\/en\/wp-json\/wp\/v2\/posts\/17902\/revisions"}],"wp:featuredmedia":[{"embeddable":true,"href":"https:\/\/www2.comunitaria.com.br\/en\/wp-json\/wp\/v2\/media\/17903"}],"wp:attachment":[{"href":"https:\/\/www2.comunitaria.com.br\/en\/wp-json\/wp\/v2\/media?parent=17902"}],"wp:term":[{"taxonomy":"category","embeddable":true,"href":"https:\/\/www2.comunitaria.com.br\/en\/wp-json\/wp\/v2\/categories?post=17902"},{"taxonomy":"post_tag","embeddable":true,"href":"https:\/\/www2.comunitaria.com.br\/en\/wp-json\/wp\/v2\/tags?post=17902"}],"curies":[{"name":"wp","href":"https:\/\/api.w.org\/{rel}","templated":true}]}}