{"id":17646,"date":"2016-04-20T12:34:39","date_gmt":"2016-04-20T14:34:39","guid":{"rendered":"http:\/\/www2.comunitaria.com.br\/?p=17646"},"modified":"2016-04-20T12:38:03","modified_gmt":"2016-04-20T14:38:03","slug":"inscricoes-para-o-6-festival-atena-iniciam-no-dia-25-de-abril","status":"publish","type":"post","link":"https:\/\/www2.comunitaria.com.br\/en\/inscricoes-para-o-6-festival-atena-iniciam-no-dia-25-de-abril\/","title":{"rendered":"Inscri\u00e7\u00f5es para o 6\u00b0 Festival Atena iniciam no dia 25 de abril"},"content":{"rendered":"<p style=\"text-align: justify;\">A 6\u00aa edi\u00e7\u00e3o do Festival Atena ser\u00e1 realizada no dia 18 de junho, na Escola Cardeal Roncalli, em Frederico Westphalen. A programa\u00e7\u00e3o ir\u00e1 das 15h \u00e0s 22h, buscando dar visibilidade aos talentos art\u00edsticos da regi\u00e3o.<\/p>\n<p style=\"text-align: justify;\">Neste ano, haver\u00e1 apenas as categorias de dan\u00e7a e m\u00fasica, como explica o presidente da Associa\u00e7\u00e3o Cultural Atena (ACA), Giancarlo Panosso.<\/p>\n<audio class=\"wp-audio-shortcode\" id=\"audio-17646-1\" preload=\"none\" style=\"width: 100%;\" controls=\"controls\"><source type=\"audio\/mpeg\" src=\"http:\/\/www2.comunitaria.com.br\/wp-content\/uploads\/2016\/04\/Giancarlo1.mp3?_=1\" \/><a href=\"http:\/\/www2.comunitaria.com.br\/wp-content\/uploads\/2016\/04\/Giancarlo1.mp3\">http:\/\/www2.comunitaria.com.br\/wp-content\/uploads\/2016\/04\/Giancarlo1.mp3<\/a><\/audio>\n<p style=\"text-align: justify;\">As inscri\u00e7\u00f5es para concorrer as categorias s\u00e3o gratuitas e se iniciam dia 25 de abril, se estendendo at\u00e9 11 de junho. Confira a <a href=\"http:\/\/www2.comunitaria.com.br\/wp-content\/uploads\/2016\/04\/6-FCA-05-Ficha.pdf\" target=\"_blank\">ficha de inscri\u00e7\u00e3o<\/a> e o <a href=\"http:\/\/www2.comunitaria.com.br\/wp-content\/uploads\/2016\/04\/6-FCA-04-Regulamento.pdf\" target=\"_blank\">regulamento<\/a>. Os primeiros colocados de cada categoria receber\u00e3o o trof\u00e9u Atenita e pr\u00eamio em dinheiro, sendo R$300 ou R$200, de acordo com a subcategoria. Os segundos lugares recebem uma medalha Atenita e R$100.<\/p>\n<p style=\"text-align: justify;\">Entre as principais dificuldades de se realizar o Festival, Giancarlo cita a falta de um espa\u00e7o adequado na cidade para eventos culturais de grande porte e as dificuldades financeiras das empresas, acarretando nas mudan\u00e7as da edi\u00e7\u00e3o deste ano:<\/p>\n<audio class=\"wp-audio-shortcode\" id=\"audio-17646-2\" preload=\"none\" style=\"width: 100%;\" controls=\"controls\"><source type=\"audio\/mpeg\" src=\"http:\/\/www2.comunitaria.com.br\/wp-content\/uploads\/2016\/04\/Giancarlo2.mp3?_=2\" \/><a href=\"http:\/\/www2.comunitaria.com.br\/wp-content\/uploads\/2016\/04\/Giancarlo2.mp3\">http:\/\/www2.comunitaria.com.br\/wp-content\/uploads\/2016\/04\/Giancarlo2.mp3<\/a><\/audio>\n<p style=\"text-align: justify;\">O acesso ao evento \u00e9 gratuito, mas os organizadores pedem a doa\u00e7\u00e3o de um agasalho ou alimento n\u00e3o perec\u00edvel, que ser\u00e3o recolhidos na entrada do evento.<\/p>\n<p style=\"text-align: justify;\">Antecedendo o Festival, dia 11 de junho, ocorre o 3\u00ba Encontro de Artistas e Patrocinadores do Festival Atena. O encontro ser\u00e1 realizado na sede da Associa\u00e7\u00e3o Cultural Atena e busca integrar os agentes da arte e cultura.<\/p>\n<p style=\"text-align: justify;\"><a href=\"http:\/\/www2.comunitaria.com.br\/en\/inscricoes-para-o-festival-atena-iniciam-no-dia-25-de-abril\/folheto-fca_2016_frente-2\/\" rel=\"attachment wp-att-17655\"><img loading=\"lazy\" decoding=\"async\" class=\"aligncenter size-full wp-image-17655\" src=\"http:\/\/www2.comunitaria.com.br\/wp-content\/uploads\/2016\/04\/FOLHETO-FCA_2016_FRENTE-1.png\" alt=\"FOLHETO FCA_2016_FRENTE\" width=\"1751\" height=\"2486\" srcset=\"https:\/\/www2.comunitaria.com.br\/wp-content\/uploads\/2016\/04\/FOLHETO-FCA_2016_FRENTE-1.png 1183w, https:\/\/www2.comunitaria.com.br\/wp-content\/uploads\/2016\/04\/FOLHETO-FCA_2016_FRENTE-1-211x300.png 211w, https:\/\/www2.comunitaria.com.br\/wp-content\/uploads\/2016\/04\/FOLHETO-FCA_2016_FRENTE-1-768x1090.png 768w, https:\/\/www2.comunitaria.com.br\/wp-content\/uploads\/2016\/04\/FOLHETO-FCA_2016_FRENTE-1-721x1024.png 721w\" sizes=\"auto, (max-width: 1751px) 100vw, 1751px\" \/><\/a><\/p>","protected":false},"excerpt":{"rendered":"<p>A 6\u00aa edi\u00e7\u00e3o do Festival Atena ser\u00e1 realizada no dia 18 de junho, na Escola Cardeal Roncalli, em Frederico Westphalen. A programa\u00e7\u00e3o ir\u00e1 das 15h \u00e0s 22h, buscando dar visibilidade&#8230;<\/p>","protected":false},"author":2,"featured_media":17649,"comment_status":"open","ping_status":"closed","sticky":false,"template":"","format":"standard","meta":{"ngg_post_thumbnail":0,"footnotes":""},"categories":[51,42,100,28,33,43,35],"tags":[2520,1001,2802,82,149,1299,1165],"class_list":["post-17646","post","type-post","status-publish","format-standard","has-post-thumbnail","hentry","category-audio","category-fred-west","category-musica","category-destaque","category-noticias","category-regiao","category-variedades","tag-aca","tag-cultura","tag-festival-atena","tag-frederico-westphalen","tag-inscricoes","tag-premios","tag-variedades"],"amp_enabled":true,"_links":{"self":[{"href":"https:\/\/www2.comunitaria.com.br\/en\/wp-json\/wp\/v2\/posts\/17646","targetHints":{"allow":["GET"]}}],"collection":[{"href":"https:\/\/www2.comunitaria.com.br\/en\/wp-json\/wp\/v2\/posts"}],"about":[{"href":"https:\/\/www2.comunitaria.com.br\/en\/wp-json\/wp\/v2\/types\/post"}],"author":[{"embeddable":true,"href":"https:\/\/www2.comunitaria.com.br\/en\/wp-json\/wp\/v2\/users\/2"}],"replies":[{"embeddable":true,"href":"https:\/\/www2.comunitaria.com.br\/en\/wp-json\/wp\/v2\/comments?post=17646"}],"version-history":[{"count":0,"href":"https:\/\/www2.comunitaria.com.br\/en\/wp-json\/wp\/v2\/posts\/17646\/revisions"}],"wp:featuredmedia":[{"embeddable":true,"href":"https:\/\/www2.comunitaria.com.br\/en\/wp-json\/wp\/v2\/media\/17649"}],"wp:attachment":[{"href":"https:\/\/www2.comunitaria.com.br\/en\/wp-json\/wp\/v2\/media?parent=17646"}],"wp:term":[{"taxonomy":"category","embeddable":true,"href":"https:\/\/www2.comunitaria.com.br\/en\/wp-json\/wp\/v2\/categories?post=17646"},{"taxonomy":"post_tag","embeddable":true,"href":"https:\/\/www2.comunitaria.com.br\/en\/wp-json\/wp\/v2\/tags?post=17646"}],"curies":[{"name":"wp","href":"https:\/\/api.w.org\/{rel}","templated":true}]}}