{"id":17522,"date":"2016-04-16T20:51:09","date_gmt":"2016-04-16T22:51:09","guid":{"rendered":"http:\/\/www2.comunitaria.com.br\/?p=17522"},"modified":"2016-04-16T20:56:15","modified_gmt":"2016-04-16T22:56:15","slug":"acidente-entre-caminhao-e-motocicleta-deixa-uma-vitima-fatal-em-seberi","status":"publish","type":"post","link":"https:\/\/www2.comunitaria.com.br\/en\/acidente-entre-caminhao-e-motocicleta-deixa-uma-vitima-fatal-em-seberi\/","title":{"rendered":"Acidente entre caminh\u00e3o e motocicleta deixa v\u00edtima fatal em Seberi"},"content":{"rendered":"<p style=\"text-align: justify;\">Mais um condutor de uma motocicleta morreu ap\u00f3s um acidente neste s\u00e1bado, 16. A ocorr\u00eancia aconteceu no quil\u00f4metro 54 da BR-386, em Seberi. A colis\u00e3o envolveu uma moto com placa de Seberi e um caminh\u00e3o com placas de Feliz, por volta das 17h40min.<\/p>\n<p style=\"text-align: justify;\">De acordo com informa\u00e7\u00f5es preliminares da Pol\u00edcia Rodovi\u00e1ria Federal (PRF), posto de Seberi, a motocicleta trafegava no acostamento, no sentido Boa Vista das Miss\u00f5es\/Seberi, quando teria entrada na faixa de rolamento, n\u00e3o dando tempo do caminh\u00e3o desviar.<\/p>\n<p style=\"text-align: justify;\">Na moto estavam o condutor, que morreu no local do acidente e seu filho, que foi encaminhado por equipes do SAMU para o Hospital Pio XII de Seberi. O motorista do caminh\u00e3o n\u00e3o se feriu. A identidade dos envolvidos n\u00e3o havia sido apurada pela PRF, at\u00e9 a publica\u00e7\u00e3o desta not\u00edcia.<\/p>\n\n\t\t<style>\n\t\t\t#gallery-1 {\n\t\t\t\tmargin: auto;\n\t\t\t}\n\t\t\t#gallery-1 .gallery-item {\n\t\t\t\tfloat: left;\n\t\t\t\tmargin-top: 10px;\n\t\t\t\ttext-align: center;\n\t\t\t\twidth: 33%;\n\t\t\t}\n\t\t\t#gallery-1 img {\n\t\t\t\tborder: 2px solid #cfcfcf;\n\t\t\t}\n\t\t\t#gallery-1 .gallery-caption {\n\t\t\t\tmargin-left: 0;\n\t\t\t}\n\t\t\t\/* see gallery_shortcode() in wp-includes\/media.php *\/\n\t\t<\/style>\n\t\t<div id='gallery-1' class='gallery galleryid-17522 gallery-columns-3 gallery-size-thumbnail'><dl class='gallery-item'>\n\t\t\t<dt class='gallery-icon landscape'>\n\t\t\t\t<a href='https:\/\/www2.comunitaria.com.br\/en\/acidente-entre-caminhao-e-motocicleta-deixa-uma-vitima-fatal-em-seberi\/69137-700x400-1\/'><img loading=\"lazy\" decoding=\"async\" width=\"150\" height=\"150\" src=\"https:\/\/www2.comunitaria.com.br\/wp-content\/uploads\/2016\/04\/69137-700x400-1-150x150.jpg\" class=\"attachment-thumbnail size-thumbnail\" alt=\"\" aria-describedby=\"gallery-1-17524\" srcset=\"https:\/\/www2.comunitaria.com.br\/wp-content\/uploads\/2016\/04\/69137-700x400-1-150x150.jpg 150w, https:\/\/www2.comunitaria.com.br\/wp-content\/uploads\/2016\/04\/69137-700x400-1-65x65.jpg 65w\" sizes=\"auto, (max-width: 150px) 100vw, 150px\" \/><\/a>\n\t\t\t<\/dt>\n\t\t\t\t<dd class='wp-caption-text gallery-caption' id='gallery-1-17524'>\n\t\t\t\tFoto: Adriano Dal Chiavon\/O Alto Uruguai\n\t\t\t\t<\/dd><\/dl><dl class='gallery-item'>\n\t\t\t<dt class='gallery-icon landscape'>\n\t\t\t\t<a href='https:\/\/www2.comunitaria.com.br\/en\/acidente-entre-caminhao-e-motocicleta-deixa-uma-vitima-fatal-em-seberi\/69140-700x400-1\/'><img loading=\"lazy\" decoding=\"async\" width=\"150\" height=\"150\" src=\"https:\/\/www2.comunitaria.com.br\/wp-content\/uploads\/2016\/04\/69140-700x400-1-150x150.jpg\" class=\"attachment-thumbnail size-thumbnail\" alt=\"\" aria-describedby=\"gallery-1-17526\" srcset=\"https:\/\/www2.comunitaria.com.br\/wp-content\/uploads\/2016\/04\/69140-700x400-1-150x150.jpg 150w, https:\/\/www2.comunitaria.com.br\/wp-content\/uploads\/2016\/04\/69140-700x400-1-65x65.jpg 65w\" sizes=\"auto, (max-width: 150px) 100vw, 150px\" \/><\/a>\n\t\t\t<\/dt>\n\t\t\t\t<dd class='wp-caption-text gallery-caption' id='gallery-1-17526'>\n\t\t\t\tFoto: Adriano Dal Chiavon\/O Alto Uruguai\n\t\t\t\t<\/dd><\/dl><dl class='gallery-item'>\n\t\t\t<dt class='gallery-icon landscape'>\n\t\t\t\t<a href='https:\/\/www2.comunitaria.com.br\/en\/acidente-entre-caminhao-e-motocicleta-deixa-uma-vitima-fatal-em-seberi\/69141-700x400-1\/'><img loading=\"lazy\" decoding=\"async\" width=\"150\" height=\"150\" src=\"https:\/\/www2.comunitaria.com.br\/wp-content\/uploads\/2016\/04\/69141-700x400-1-150x150.jpg\" class=\"attachment-thumbnail size-thumbnail\" alt=\"\" aria-describedby=\"gallery-1-17527\" srcset=\"https:\/\/www2.comunitaria.com.br\/wp-content\/uploads\/2016\/04\/69141-700x400-1-150x150.jpg 150w, https:\/\/www2.comunitaria.com.br\/wp-content\/uploads\/2016\/04\/69141-700x400-1-65x65.jpg 65w\" sizes=\"auto, (max-width: 150px) 100vw, 150px\" \/><\/a>\n\t\t\t<\/dt>\n\t\t\t\t<dd class='wp-caption-text gallery-caption' id='gallery-1-17527'>\n\t\t\t\tFoto: Adriano Dal Chiavon\/O Alto UruguaiFoto: Adriano Dal Chiavon\/O Alto Uruguai\n\t\t\t\t<\/dd><\/dl><br style=\"clear: both\" \/>\n\t\t<\/div>\n\n<p style=\"text-align: justify;\"><strong>O Alto Uruguai<\/strong><\/p>","protected":false},"excerpt":{"rendered":"<p>Mais um condutor de uma motocicleta morreu ap\u00f3s um acidente neste s\u00e1bado, 16. A ocorr\u00eancia aconteceu no quil\u00f4metro 54 da BR-386, em Seberi. A colis\u00e3o envolveu uma moto com placa&#8230;<\/p>","protected":false},"author":2,"featured_media":17523,"comment_status":"open","ping_status":"closed","sticky":false,"template":"","format":"standard","meta":{"ngg_post_thumbnail":0,"footnotes":""},"categories":[42,28,33,36,43],"tags":[96,97,177,86,263,426],"class_list":["post-17522","post","type-post","status-publish","format-standard","has-post-thumbnail","hentry","category-fred-west","category-destaque","category-noticias","category-policia","category-regiao","tag-acidente","tag-morte","tag-policia-2","tag-regiao-2","tag-seberi","tag-transito"],"amp_enabled":true,"_links":{"self":[{"href":"https:\/\/www2.comunitaria.com.br\/en\/wp-json\/wp\/v2\/posts\/17522","targetHints":{"allow":["GET"]}}],"collection":[{"href":"https:\/\/www2.comunitaria.com.br\/en\/wp-json\/wp\/v2\/posts"}],"about":[{"href":"https:\/\/www2.comunitaria.com.br\/en\/wp-json\/wp\/v2\/types\/post"}],"author":[{"embeddable":true,"href":"https:\/\/www2.comunitaria.com.br\/en\/wp-json\/wp\/v2\/users\/2"}],"replies":[{"embeddable":true,"href":"https:\/\/www2.comunitaria.com.br\/en\/wp-json\/wp\/v2\/comments?post=17522"}],"version-history":[{"count":0,"href":"https:\/\/www2.comunitaria.com.br\/en\/wp-json\/wp\/v2\/posts\/17522\/revisions"}],"wp:featuredmedia":[{"embeddable":true,"href":"https:\/\/www2.comunitaria.com.br\/en\/wp-json\/wp\/v2\/media\/17523"}],"wp:attachment":[{"href":"https:\/\/www2.comunitaria.com.br\/en\/wp-json\/wp\/v2\/media?parent=17522"}],"wp:term":[{"taxonomy":"category","embeddable":true,"href":"https:\/\/www2.comunitaria.com.br\/en\/wp-json\/wp\/v2\/categories?post=17522"},{"taxonomy":"post_tag","embeddable":true,"href":"https:\/\/www2.comunitaria.com.br\/en\/wp-json\/wp\/v2\/tags?post=17522"}],"curies":[{"name":"wp","href":"https:\/\/api.w.org\/{rel}","templated":true}]}}