{"id":17520,"date":"2016-04-16T20:04:58","date_gmt":"2016-04-16T22:04:58","guid":{"rendered":"http:\/\/www2.comunitaria.com.br\/?p=17520"},"modified":"2016-04-16T20:04:58","modified_gmt":"2016-04-16T22:04:58","slug":"jovem-morre-em-acidente-de-moto-na-ers-587-em-seberi","status":"publish","type":"post","link":"https:\/\/www2.comunitaria.com.br\/en\/jovem-morre-em-acidente-de-moto-na-ers-587-em-seberi\/","title":{"rendered":"Jovem morre em acidente de moto na ERS-587 em Seberi"},"content":{"rendered":"<p style=\"text-align: justify;\">Um acidente envolvendo uma motocicleta vitimou fatalmente o piloto, um jovem de 17 anos, identificado como Rog\u00e9rio Kacheski. A sa\u00edda de pista ocorreu por volta das 15 horas deste s\u00e1bado, 16, no quil\u00f4metro 10 da ERS-587, na altura da linha Nova, no interior de Seberi.<\/p>\n<p style=\"text-align: justify;\">O jovem trafegava pela rodovia quando perdeu o controle da motocicleta em uma curva, saindo da pista. Uma equipe do SAMU de Seberi atendeu a ocorr\u00eancia, al\u00e9m da Pol\u00edcia Rodovi\u00e1ria Estadual, posto de Palmeira das Miss\u00f5es.<\/p>\n<p style=\"text-align: justify;\"><strong>O Alto\u00a0Uruguai<\/strong><\/p>","protected":false},"excerpt":{"rendered":"<p>Um acidente envolvendo uma motocicleta vitimou fatalmente o piloto, um jovem de 17 anos, identificado como Rog\u00e9rio Kacheski. A sa\u00edda de pista ocorreu por volta das 15 horas deste s\u00e1bado,&#8230;<\/p>","protected":false},"author":2,"featured_media":17521,"comment_status":"open","ping_status":"closed","sticky":false,"template":"","format":"standard","meta":{"ngg_post_thumbnail":0,"footnotes":""},"categories":[33,36,43],"tags":[96,841,177,86,263,426],"class_list":["post-17520","post","type-post","status-publish","format-standard","has-post-thumbnail","hentry","category-noticias","category-policia","category-regiao","tag-acidente","tag-moto","tag-policia-2","tag-regiao-2","tag-seberi","tag-transito"],"amp_enabled":true,"_links":{"self":[{"href":"https:\/\/www2.comunitaria.com.br\/en\/wp-json\/wp\/v2\/posts\/17520","targetHints":{"allow":["GET"]}}],"collection":[{"href":"https:\/\/www2.comunitaria.com.br\/en\/wp-json\/wp\/v2\/posts"}],"about":[{"href":"https:\/\/www2.comunitaria.com.br\/en\/wp-json\/wp\/v2\/types\/post"}],"author":[{"embeddable":true,"href":"https:\/\/www2.comunitaria.com.br\/en\/wp-json\/wp\/v2\/users\/2"}],"replies":[{"embeddable":true,"href":"https:\/\/www2.comunitaria.com.br\/en\/wp-json\/wp\/v2\/comments?post=17520"}],"version-history":[{"count":0,"href":"https:\/\/www2.comunitaria.com.br\/en\/wp-json\/wp\/v2\/posts\/17520\/revisions"}],"wp:featuredmedia":[{"embeddable":true,"href":"https:\/\/www2.comunitaria.com.br\/en\/wp-json\/wp\/v2\/media\/17521"}],"wp:attachment":[{"href":"https:\/\/www2.comunitaria.com.br\/en\/wp-json\/wp\/v2\/media?parent=17520"}],"wp:term":[{"taxonomy":"category","embeddable":true,"href":"https:\/\/www2.comunitaria.com.br\/en\/wp-json\/wp\/v2\/categories?post=17520"},{"taxonomy":"post_tag","embeddable":true,"href":"https:\/\/www2.comunitaria.com.br\/en\/wp-json\/wp\/v2\/tags?post=17520"}],"curies":[{"name":"wp","href":"https:\/\/api.w.org\/{rel}","templated":true}]}}