{"id":17501,"date":"2016-04-15T17:28:31","date_gmt":"2016-04-15T19:28:31","guid":{"rendered":"http:\/\/www2.comunitaria.com.br\/?p=17501"},"modified":"2016-04-15T17:43:12","modified_gmt":"2016-04-15T19:43:12","slug":"confirmada-primeira-morte-por-h1n1-em-frederico-westphalen","status":"publish","type":"post","link":"https:\/\/www2.comunitaria.com.br\/en\/confirmada-primeira-morte-por-h1n1-em-frederico-westphalen\/","title":{"rendered":"Confirmada primeira morte por H1N1 em Frederico Westphalen"},"content":{"rendered":"<p style=\"text-align: justify;\">Na tarde desta quinta-feira, 15, a Secretaria de Sa\u00fade do estado do Rio Grande do Sul divulgou o boletim semanal com ocorr\u00eancias de morte por contamina\u00e7\u00e3o do v\u00edrus H1N1, totalizando 10 casos. Uma destas confirma\u00e7\u00f5es se trata de uma idosa, acima de 80 anos, de Frederico Westphalen que veio a \u00f3bito no dia 2 de abril. Segundo informa\u00e7\u00f5es da 19\u00aa CRS, a idosa possu\u00eda doen\u00e7as cr\u00f4nicas.<\/p>\n<p style=\"text-align: justify;\">A cidade que tem o maior n\u00famero de mortes \u00e9\u00a0Porto Alegre com tr\u00eas casos, dois registrados no come\u00e7o de abril. Um menino de sete anos e um homem de 35 faleceram e foram as primeiras mortes confirmadas pela doen\u00e7a no Estado neste ano.\u00a0Os outros munic\u00edpios que registraram mortes \u00a0por gripe A s\u00e3o Arroio do Sal, com uma morte, Erechim, onde um homem de 55 anos morreu da doen\u00e7a. Como n\u00e3o h\u00e1 informa\u00e7\u00f5es de que ele tenha sa\u00eddo do mun\u00edcipio, foi confirmado que a doen\u00e7a foi contra\u00edda na cidade. Flores da Cunha registrou uma morte, onde um idoso de 63 anos<b>\u00a0<\/b>faleceu. Os exames para a doen\u00e7a, em um primeiro momento deram negativos, sendo necess\u00e1rio analisar uma segunda amostra, que chegou um dia ap\u00f3s a morte do homem e confirmou a doen\u00e7a. Frederico Westphalen, Novo Hamburgo, Santa Rosa e Uruguaiana tamb\u00e9m registraram uma morte cada uma.<\/p>\n<div id=\"sas_38013\" style=\"text-align: justify;\">Em todo o Estado, 22 casos foram registrados desde janeiro e 199 ainda seguem em an\u00e1lise.\u00a0Em \u00e2mbito nacional, o Dia D de vacina\u00e7\u00e3o contra a doen\u00e7a ocorre em 30 de abril. No RS, cerca de 3,6 milh\u00f5es de vacinas ser\u00e3o distribu\u00eddas pelo Minist\u00e9rio da Sa\u00fade e a campanha come\u00e7a dia 25 de abril. Devido ao aumento dos casos de morte em fun\u00e7\u00e3o da gripe A, estima-se que n\u00e3o haja sobra de doses nos postos de sa\u00fade. Em 2015, cinco pessoas morreram no Estado devido \u00e0 doen\u00e7a.<\/div>\n<div style=\"text-align: justify;\"><\/div>\n<div style=\"text-align: justify;\"><strong>Vacina\u00e7\u00e3o\u00a0<\/strong><\/div>\n<div style=\"text-align: justify;\">\n<p>O Rio Grande do Sul d\u00e1 in\u00edcio \u00e0 vacina\u00e7\u00e3o no dia 25 de abril &#8211; cinco dias antes do come\u00e7o da campanha nacional -, com t\u00e9rmino previsto para 20 de maio. Os grupos definidos para receber as doses s\u00e3o\u00a0 formados por aqueles considerados vulner\u00e1veis, por apresentarem maior risco de desenvolverem quadros graves da doen\u00e7a e \u00f3bito ap\u00f3s infec\u00e7\u00e3o pelo v\u00edrus da gripe.<\/p>\n<p>Fazem parte dos grupos de risco pessoas com 60 anos ou mais, crian\u00e7as com mais de seis meses e menos de cinco anos, gestantes, mulheres at\u00e9 45 dias depois do parto, e pessoas com doen\u00e7as cr\u00f4nicas (respirat\u00f3rias, card\u00edacas, renais, al\u00e9m de obesos e diab\u00e9ticos). Al\u00e9m destes grupos, os ind\u00edgenas tamb\u00e9m recebem as doses, diretamente nas aldeias; os profissionais de sa\u00fade se vacinam nos pr\u00f3prios locais de trabalho; e a popula\u00e7\u00e3o privada de liberdade, devido aos altos \u00edndices de doen\u00e7as respirat\u00f3rias.<\/p>\n<\/div>\n<div style=\"text-align: justify;\"><\/div>","protected":false},"excerpt":{"rendered":"<p>Na tarde desta quinta-feira, 15, a Secretaria de Sa\u00fade do estado do Rio Grande do Sul divulgou o boletim semanal com ocorr\u00eancias de morte por contamina\u00e7\u00e3o do v\u00edrus H1N1, totalizando 10 casos. Uma destas confirma\u00e7\u00f5es se trata de uma idosa, acima de 80 anos, de Frederico Westphalen que veio a \u00f3bito no dia 2 de<\/p>\n<div class=\"read-more-wrapper\"><a class=\"read-more\" href=\"https:\/\/www2.comunitaria.com.br\/en\/confirmada-primeira-morte-por-h1n1-em-frederico-westphalen\/\" title=\"Read More\"> <span class=\"button\">Read More<\/span><\/a><\/div>","protected":false},"author":2,"featured_media":17502,"comment_status":"open","ping_status":"closed","sticky":false,"template":"","format":"standard","meta":{"ngg_post_thumbnail":0,"footnotes":""},"categories":[42,28,33,37],"tags":[82,2692,2780,175],"class_list":["post-17501","post","type-post","status-publish","format-standard","has-post-thumbnail","hentry","category-fred-west","category-destaque","category-noticias","category-saude","tag-frederico-westphalen","tag-h1n1","tag-obito","tag-saude-2"],"amp_enabled":true,"_links":{"self":[{"href":"https:\/\/www2.comunitaria.com.br\/en\/wp-json\/wp\/v2\/posts\/17501","targetHints":{"allow":["GET"]}}],"collection":[{"href":"https:\/\/www2.comunitaria.com.br\/en\/wp-json\/wp\/v2\/posts"}],"about":[{"href":"https:\/\/www2.comunitaria.com.br\/en\/wp-json\/wp\/v2\/types\/post"}],"author":[{"embeddable":true,"href":"https:\/\/www2.comunitaria.com.br\/en\/wp-json\/wp\/v2\/users\/2"}],"replies":[{"embeddable":true,"href":"https:\/\/www2.comunitaria.com.br\/en\/wp-json\/wp\/v2\/comments?post=17501"}],"version-history":[{"count":0,"href":"https:\/\/www2.comunitaria.com.br\/en\/wp-json\/wp\/v2\/posts\/17501\/revisions"}],"wp:featuredmedia":[{"embeddable":true,"href":"https:\/\/www2.comunitaria.com.br\/en\/wp-json\/wp\/v2\/media\/17502"}],"wp:attachment":[{"href":"https:\/\/www2.comunitaria.com.br\/en\/wp-json\/wp\/v2\/media?parent=17501"}],"wp:term":[{"taxonomy":"category","embeddable":true,"href":"https:\/\/www2.comunitaria.com.br\/en\/wp-json\/wp\/v2\/categories?post=17501"},{"taxonomy":"post_tag","embeddable":true,"href":"https:\/\/www2.comunitaria.com.br\/en\/wp-json\/wp\/v2\/tags?post=17501"}],"curies":[{"name":"wp","href":"https:\/\/api.w.org\/{rel}","templated":true}]}}