{"id":17453,"date":"2016-04-14T17:57:40","date_gmt":"2016-04-14T19:57:40","guid":{"rendered":"http:\/\/www2.comunitaria.com.br\/?p=17453"},"modified":"2016-04-14T17:59:43","modified_gmt":"2016-04-14T19:59:43","slug":"prefeitura-de-fw-divulga-nota-de-esclarecimento-sobre-galerias-pluviais","status":"publish","type":"post","link":"https:\/\/www2.comunitaria.com.br\/en\/prefeitura-de-fw-divulga-nota-de-esclarecimento-sobre-galerias-pluviais\/","title":{"rendered":"Prefeitura de FW divulga nota de esclarecimento sobre galerias pluviais"},"content":{"rendered":"<p style=\"text-align: justify;\">Na tarde desta quinta-feira, 14, a Prefeitura de Frederico Westphalen divulgou uma nota de esclarecimento sobre os transtornos provocados pelo grande ac\u00famulo de chuva registrado ontem, 13. Dentre os bairros que tiveram problemas com alagamentos, o bairro Aparecida e bairro Ipiranga tiveram maiores transtornos devido ao andamento das obras de galerias pluviais. Confira a nota na \u00edntegra:<\/p>\n<p style=\"text-align: justify;\"><em>&#8220;A Prefeitura de Frederico Westphalen, por meio desta nota, busca esclarecer as d\u00favidas da comunidade frederiquense em rela\u00e7\u00e3o as galerias pluviais dos Bairros Ipiranga e Aparecida. A forte chuva do dia 13 de abril causou transtornos e alagamentos em determinados pontos dos Bairros, por isso, conv\u00e9m o esclarecimento sobre a execu\u00e7\u00e3o das obras. <\/em><br \/>\n<em>Os registros do dia 13 de abril de 2016 apontam para o maior \u00edndice de precipita\u00e7\u00e3o registrado at\u00e9 o momento, sendo de 28.4 mm em uma hora, segundo o Inmet; o registro anterior de maior precipita\u00e7\u00e3o foi de 26.8 mm em uma hora.<\/em><br \/>\n<em>As galerias foram projetadas para suportar at\u00e9 mesmo esse grande volume de \u00e1gua, como aconteceu na quarta-feira, dia 13. Contudo, as obras n\u00e3o foram conclu\u00eddas e, por isso, os locais continuam alagando em determinados pontos. <\/em><br \/>\n<em>Quando o desafio de executar estas obras foi assumido, era de conhecimento da Administra\u00e7\u00e3o Municipal as dificuldades a serem enfrentadas, entretanto, o compromisso sempre foi de solucionar essas demandas hist\u00f3ricas, e isso est\u00e1 sendo cumprido dentro do cronograma de obras. A Administra\u00e7\u00e3o Municipal de Frederico Westphalen est\u00e1 a disposi\u00e7\u00e3o para esclarecimentos \u00e0 comunidade frederiquense, de maneira transparente. Confira a situa\u00e7\u00e3o de cada galeria:<\/em><\/p>\n<p style=\"text-align: justify;\"><strong><em>Galeria do Ipiranga<\/em><\/strong><br \/>\n<em>Esta obra \u00e9 proveniente de Emenda Parlamentar do Deputado Estadual Enio Bacci, com recurso conquistado e empenhado no ano de 2014. O projeto, que foi desenvolvido ap\u00f3s o empenho, contempla a coleta das \u00e1guas pluviais do trevo de acesso e esquina das ruas Arthur Milani, Piratini, Olavo Bilac e Tenente Lira. O valor da obra \u00e9 de R$ 600 mil.<\/em><br \/>\n<em>Nesta galeria foram executadas apenas 50% das obras, estando h\u00e1 4 meses parada por falta de repasse do Governo Federal. A parte da galeria que j\u00e1 foi executada tem por finalidade escoar a \u00e1gua ap\u00f3s a coleta nas redes de bocas de lobo &#8211; que ainda n\u00e3o foram executadas. <\/em><br \/>\n<em>O dimensionamento das bocas de lobo foram projetados para trabalhar em s\u00e9rie, cada uma coletando um volume de \u00e1gua de determinado trecho, faltando a execu\u00e7\u00e3o de 9 bocas de lobo. As bocas de lobo executadas n\u00e3o tem a capacidade de absorver a \u00e1gua, com volume e velocidade acumulados nos trechos, at\u00e9 que a obra n\u00e3o seja conclu\u00edda.<\/em><br \/>\n<em>Esse excesso de \u00e1gua, que causa tantos transtornos \u00e0 comunidade, prov\u00e9m da coleta da BR 386, que des\u00e1gua dentro do munic\u00edpio, sendo que j\u00e1 foi solicitado ao DNIT para que seja dado o escoamento correto para o trecho.<\/em><\/p>\n<p style=\"text-align: justify;\"><strong><em>Galeria do Aparecida<\/em><\/strong><br \/>\n<em>A galeria est\u00e1 com 72,5% das obras conclu\u00eddas. Apesar de o n\u00famero parecer significativo para um bom escoamento, a realidade \u00e9 que est\u00e3o faltando os itens de menor volume de obra, mas que completar\u00e3o o sistema projetado, solucionando assim o problema. O valor da obra da galeria pluvial \u00e9 de R$ 1, 5 milh\u00e3o.<\/em><br \/>\n<em>Nas ruas Jos\u00e9 Bonif\u00e1cio, 15 de novembro e Miguel Couto, faltam ser executadas 9 caixas do tipo boca de lobo, e tamb\u00e9m o trecho da tubula\u00e7\u00e3o da Rua Ca\u00ed at\u00e9 o bueiro da BR 386. O cronograma de execu\u00e7\u00e3o da presente obra termina em julho de 2016.&#8221;\u00a0<\/em><\/p>\n\n\t\t<style>\n\t\t\t#gallery-1 {\n\t\t\t\tmargin: auto;\n\t\t\t}\n\t\t\t#gallery-1 .gallery-item {\n\t\t\t\tfloat: left;\n\t\t\t\tmargin-top: 10px;\n\t\t\t\ttext-align: center;\n\t\t\t\twidth: 33%;\n\t\t\t}\n\t\t\t#gallery-1 img {\n\t\t\t\tborder: 2px solid #cfcfcf;\n\t\t\t}\n\t\t\t#gallery-1 .gallery-caption {\n\t\t\t\tmargin-left: 0;\n\t\t\t}\n\t\t\t\/* see gallery_shortcode() in wp-includes\/media.php *\/\n\t\t<\/style>\n\t\t<div id='gallery-1' class='gallery galleryid-17453 gallery-columns-3 gallery-size-thumbnail'><dl class='gallery-item'>\n\t\t\t<dt class='gallery-icon portrait'>\n\t\t\t\t<a href='https:\/\/www2.comunitaria.com.br\/en\/prefeitura-de-fw-divulga-nota-de-esclarecimento-sobre-galerias-pluviais\/12963396_1086763518043449_1328462014896495693_n\/'><img loading=\"lazy\" decoding=\"async\" width=\"150\" height=\"150\" src=\"https:\/\/www2.comunitaria.com.br\/wp-content\/uploads\/2016\/04\/12963396_1086763518043449_1328462014896495693_n-150x150.jpg\" class=\"attachment-thumbnail size-thumbnail\" alt=\"\" srcset=\"https:\/\/www2.comunitaria.com.br\/wp-content\/uploads\/2016\/04\/12963396_1086763518043449_1328462014896495693_n-150x150.jpg 150w, https:\/\/www2.comunitaria.com.br\/wp-content\/uploads\/2016\/04\/12963396_1086763518043449_1328462014896495693_n-65x65.jpg 65w\" sizes=\"auto, (max-width: 150px) 100vw, 150px\" \/><\/a>\n\t\t\t<\/dt><\/dl><dl class='gallery-item'>\n\t\t\t<dt class='gallery-icon portrait'>\n\t\t\t\t<a href='https:\/\/www2.comunitaria.com.br\/en\/prefeitura-de-fw-divulga-nota-de-esclarecimento-sobre-galerias-pluviais\/12994433_1086763601376774_3601326122475742138_n\/'><img loading=\"lazy\" decoding=\"async\" width=\"150\" height=\"150\" src=\"https:\/\/www2.comunitaria.com.br\/wp-content\/uploads\/2016\/04\/12994433_1086763601376774_3601326122475742138_n-150x150.jpg\" class=\"attachment-thumbnail size-thumbnail\" alt=\"\" srcset=\"https:\/\/www2.comunitaria.com.br\/wp-content\/uploads\/2016\/04\/12994433_1086763601376774_3601326122475742138_n-150x150.jpg 150w, https:\/\/www2.comunitaria.com.br\/wp-content\/uploads\/2016\/04\/12994433_1086763601376774_3601326122475742138_n-65x65.jpg 65w\" sizes=\"auto, (max-width: 150px) 100vw, 150px\" \/><\/a>\n\t\t\t<\/dt><\/dl>\n\t\t\t<br style='clear: both' \/>\n\t\t<\/div>\n\n<p style=\"text-align: justify;\"><strong>ASCOM &#8211; Prefeitura de Frederico Westphalen<\/strong><\/p>","protected":false},"excerpt":{"rendered":"<p>Na tarde desta quinta-feira, 14, a Prefeitura de Frederico Westphalen divulgou uma nota de esclarecimento sobre os transtornos provocados pelo grande ac\u00famulo de chuva registrado ontem, 13. Dentre os bairros&#8230;<\/p>","protected":false},"author":2,"featured_media":8454,"comment_status":"open","ping_status":"closed","sticky":false,"template":"","format":"standard","meta":{"ngg_post_thumbnail":0,"footnotes":""},"categories":[42,33,38],"tags":[1172,2771,2735,1079,226],"class_list":["post-17453","post","type-post","status-publish","format-standard","has-post-thumbnail","hentry","category-fred-west","category-noticias","category-politica","tag-chuvas","tag-galerias-pluviais","tag-nota-de-esclarecimento","tag-politica","tag-prefeitura"],"amp_enabled":true,"_links":{"self":[{"href":"https:\/\/www2.comunitaria.com.br\/en\/wp-json\/wp\/v2\/posts\/17453","targetHints":{"allow":["GET"]}}],"collection":[{"href":"https:\/\/www2.comunitaria.com.br\/en\/wp-json\/wp\/v2\/posts"}],"about":[{"href":"https:\/\/www2.comunitaria.com.br\/en\/wp-json\/wp\/v2\/types\/post"}],"author":[{"embeddable":true,"href":"https:\/\/www2.comunitaria.com.br\/en\/wp-json\/wp\/v2\/users\/2"}],"replies":[{"embeddable":true,"href":"https:\/\/www2.comunitaria.com.br\/en\/wp-json\/wp\/v2\/comments?post=17453"}],"version-history":[{"count":0,"href":"https:\/\/www2.comunitaria.com.br\/en\/wp-json\/wp\/v2\/posts\/17453\/revisions"}],"wp:featuredmedia":[{"embeddable":true,"href":"https:\/\/www2.comunitaria.com.br\/en\/wp-json\/wp\/v2\/media\/8454"}],"wp:attachment":[{"href":"https:\/\/www2.comunitaria.com.br\/en\/wp-json\/wp\/v2\/media?parent=17453"}],"wp:term":[{"taxonomy":"category","embeddable":true,"href":"https:\/\/www2.comunitaria.com.br\/en\/wp-json\/wp\/v2\/categories?post=17453"},{"taxonomy":"post_tag","embeddable":true,"href":"https:\/\/www2.comunitaria.com.br\/en\/wp-json\/wp\/v2\/tags?post=17453"}],"curies":[{"name":"wp","href":"https:\/\/api.w.org\/{rel}","templated":true}]}}