{"id":17390,"date":"2016-04-13T10:18:40","date_gmt":"2016-04-13T12:18:40","guid":{"rendered":"http:\/\/www2.comunitaria.com.br\/?p=17390"},"modified":"2016-04-13T10:18:40","modified_gmt":"2016-04-13T12:18:40","slug":"etapa-dolly-da-copa-barril-de-arrancada-acontece-no-domingo","status":"publish","type":"post","link":"https:\/\/www2.comunitaria.com.br\/en\/etapa-dolly-da-copa-barril-de-arrancada-acontece-no-domingo\/","title":{"rendered":"Etapa Dolly da Copa Barril de Arrancada acontece no domingo"},"content":{"rendered":"<div class=\"texto\">\n<p style=\"text-align: justify;\">O Barril Autom\u00f3vel Clube, de Frederico Westphalen, promove no domingo, 17, a Copa Barril de Arrancada. A primeira das quatro etapas de 2016 ser\u00e1 chamada de \u201cetapa Dolly\u201d, em homenagem ao piloto seberiense Paulo Roberto Gemelli \u201cDolly\u201d, que faleceu no final do ano passado ap\u00f3s um acidente de moto.<\/p>\n<p style=\"text-align: justify;\">Os treinos da competi\u00e7\u00e3o acontecer\u00e3o no s\u00e1bado, 16, e a prova ter\u00e1 in\u00edcio \u00e0s 14 horas do domingo, na pista do Parque de Exposi\u00e7\u00f5es Monsenhor Vitor Batistella.<\/p>\n<p style=\"text-align: justify;\"><strong>Categorias<\/strong><\/p>\n<p style=\"text-align: justify;\">Os pilotos que forem para a pista no domingo poder\u00e3o competir pelas categorias: Top Livre, Top 8 s, Top 9 s, Top 10,5 s.<\/p>\n<p style=\"text-align: justify;\"><strong>F\u00e1bio Pelinson\/O Alto Uruguai<br \/>\n<\/strong><\/p>\n<\/div>","protected":false},"excerpt":{"rendered":"<p>O Barril Autom\u00f3vel Clube, de Frederico Westphalen, promove no domingo, 17, a Copa Barril de Arrancada. A primeira das quatro etapas de 2016 ser\u00e1 chamada de \u201cetapa Dolly\u201d, em homenagem ao piloto seberiense Paulo Roberto Gemelli \u201cDolly\u201d, que faleceu no final do ano passado ap\u00f3s um acidente de moto. Os treinos da competi\u00e7\u00e3o acontecer\u00e3o no<\/p>\n<div class=\"read-more-wrapper\"><a class=\"read-more\" href=\"https:\/\/www2.comunitaria.com.br\/en\/etapa-dolly-da-copa-barril-de-arrancada-acontece-no-domingo\/\" title=\"Read More\"> <span class=\"button\">Read More<\/span><\/a><\/div>","protected":false},"author":2,"featured_media":17391,"comment_status":"open","ping_status":"closed","sticky":false,"template":"","format":"standard","meta":{"ngg_post_thumbnail":0,"footnotes":""},"categories":[34,42,33],"tags":[1429,2760,465,2761],"class_list":["post-17390","post","type-post","status-publish","format-standard","has-post-thumbnail","hentry","category-esportes","category-fred-west","category-noticias","tag-arrancada","tag-copa-barril-de-arrancada","tag-esporte","tag-etapa-dolly"],"amp_enabled":true,"_links":{"self":[{"href":"https:\/\/www2.comunitaria.com.br\/en\/wp-json\/wp\/v2\/posts\/17390","targetHints":{"allow":["GET"]}}],"collection":[{"href":"https:\/\/www2.comunitaria.com.br\/en\/wp-json\/wp\/v2\/posts"}],"about":[{"href":"https:\/\/www2.comunitaria.com.br\/en\/wp-json\/wp\/v2\/types\/post"}],"author":[{"embeddable":true,"href":"https:\/\/www2.comunitaria.com.br\/en\/wp-json\/wp\/v2\/users\/2"}],"replies":[{"embeddable":true,"href":"https:\/\/www2.comunitaria.com.br\/en\/wp-json\/wp\/v2\/comments?post=17390"}],"version-history":[{"count":0,"href":"https:\/\/www2.comunitaria.com.br\/en\/wp-json\/wp\/v2\/posts\/17390\/revisions"}],"wp:featuredmedia":[{"embeddable":true,"href":"https:\/\/www2.comunitaria.com.br\/en\/wp-json\/wp\/v2\/media\/17391"}],"wp:attachment":[{"href":"https:\/\/www2.comunitaria.com.br\/en\/wp-json\/wp\/v2\/media?parent=17390"}],"wp:term":[{"taxonomy":"category","embeddable":true,"href":"https:\/\/www2.comunitaria.com.br\/en\/wp-json\/wp\/v2\/categories?post=17390"},{"taxonomy":"post_tag","embeddable":true,"href":"https:\/\/www2.comunitaria.com.br\/en\/wp-json\/wp\/v2\/tags?post=17390"}],"curies":[{"name":"wp","href":"https:\/\/api.w.org\/{rel}","templated":true}]}}