{"id":17383,"date":"2016-04-13T09:23:37","date_gmt":"2016-04-13T11:23:37","guid":{"rendered":"http:\/\/www2.comunitaria.com.br\/?p=17383"},"modified":"2016-04-13T09:23:37","modified_gmt":"2016-04-13T11:23:37","slug":"30-de-abril-sera-o-dia-d-de-vacinacao-contra-a-gripe-h1n1","status":"publish","type":"post","link":"https:\/\/www2.comunitaria.com.br\/en\/30-de-abril-sera-o-dia-d-de-vacinacao-contra-a-gripe-h1n1\/","title":{"rendered":"30 de abril ser\u00e1 o dia D de vacina\u00e7\u00e3o contra a gripe H1N1"},"content":{"rendered":"<p style=\"text-align: justify;\">O dia D da campanha de vacina\u00e7\u00e3o contra a gripe H1N1 acontecer\u00e1 no dia 30 de abril, s\u00e1bado, das 08h \u00e0s 17h. Esse \u00e9 o dia em que se espera que as pessoas busquem a vacina, pois todas as equipes estar\u00e3o preparadas e trabalhando apenas em fun\u00e7\u00e3o da vacina\u00e7\u00e3o, o que evitar\u00e1 situa\u00e7\u00f5es como longas filas de espera. O per\u00edodo de vacina\u00e7\u00e3o se estende do dia 25 de abril a 20 de maio, com o intuito de alcan\u00e7ar todas as pessoas que correspondem \u00e0s condi\u00e7\u00f5es e fatores de risco.<\/p>\n<p style=\"text-align: justify;\">Lembramos que os familiares de pessoas que est\u00e3o acamadas devem entrar em contato com as agentes de sa\u00fade ou as Unidades B\u00e1sicas de Sa\u00fade para solicitar a vacina a domic\u00edlio.<\/p>\n<p style=\"text-align: justify;\">A enfermeira Viviane Cerutti enfatiza a import\u00e2ncia do dia \u201cD\u201d. \u201cAproveitem o dia D, aproveitem o dia 30, quando os postos ficam abertos das 08h \u00e0s 17h sem fechar ao meio dia. Lembrando que \u00e9 preciso trazer o cart\u00e3o de vacina\u00e7\u00e3o\u201d, afirma Viviane.<\/p>\n<p style=\"text-align: justify;\">As vacinas s\u00e3o destinadas para quem se enquadra nos seguintes grupos:<\/p>\n<p style=\"text-align: justify;\">-Gr\u00e1vidas em qualquer idade gestacional. Pu\u00e9rperas at\u00e9 duas semanas ap\u00f3s o parto (incluindo as que tiveram aborto ou perda fetal).<\/p>\n<p style=\"text-align: justify;\">&#8211; Adultos acima de 60 anos.<\/p>\n<p style=\"text-align: justify;\">&#8211; Crian\u00e7as com idade entre 06 meses e 05 anos incompletos.<\/p>\n<p style=\"text-align: justify;\">&#8211; Ind\u00edgenas aldeados.<\/p>\n<p style=\"text-align: justify;\">&#8211; Pessoas privadas de liberdade.<\/p>\n<p style=\"text-align: justify;\">&#8211; Portadores de doen\u00e7as cr\u00f4nicas mediante comprova\u00e7\u00e3o e requisi\u00e7\u00e3o m\u00e9dica.<\/p>\n<p style=\"text-align: justify;\">Indiv\u00edduos que apresentem:<\/p>\n<p style=\"text-align: justify;\">-Pneumopatias (incluindo asma).<\/p>\n<p style=\"text-align: justify;\">-Pacientes com tuberculose de todas as formas.<\/p>\n<p style=\"text-align: justify;\">&#8211; Cardiovasculopatias (incluindo hipertens\u00e3o arterial sist\u00eamica).<\/p>\n<p style=\"text-align: justify;\">-Nefropatias.<\/p>\n<p style=\"text-align: justify;\">&#8211; Hepatopatias.<\/p>\n<p style=\"text-align: justify;\">&#8211; Doen\u00e7as hematol\u00f3gicas (incluindo anemia falciforme).<\/p>\n<p style=\"text-align: justify;\">-Dist\u00farbios metab\u00f3licos (inclu\u00eddo diabetes mellitus.<\/p>\n<p style=\"text-align: justify;\">-Transtornos neurol\u00f3gicos e do desenvolvimento que podem comprometer a fun\u00e7\u00e3o respirat\u00f3ria ou aumentar o risco de aspira\u00e7\u00e3o<\/p>\n<p style=\"text-align: justify;\">-Imunossupress\u00e3o associada a medicamentos, neoplasias, HIV ou outros.<\/p>\n<p style=\"text-align: justify;\"><strong>ASCOM Prefeitura de FW<\/strong><\/p>","protected":false},"excerpt":{"rendered":"<p>O dia D da campanha de vacina\u00e7\u00e3o contra a gripe H1N1 acontecer\u00e1 no dia 30 de abril, s\u00e1bado, das 08h \u00e0s 17h. Esse \u00e9 o dia em que se espera que as pessoas busquem a vacina, pois todas as equipes estar\u00e3o preparadas e trabalhando apenas em fun\u00e7\u00e3o da vacina\u00e7\u00e3o, o que evitar\u00e1 situa\u00e7\u00f5es como longas<\/p>\n<div class=\"read-more-wrapper\"><a class=\"read-more\" href=\"https:\/\/www2.comunitaria.com.br\/en\/30-de-abril-sera-o-dia-d-de-vacinacao-contra-a-gripe-h1n1\/\" title=\"Read More\"> <span class=\"button\">Read More<\/span><\/a><\/div>","protected":false},"author":2,"featured_media":17385,"comment_status":"open","ping_status":"closed","sticky":false,"template":"","format":"standard","meta":{"ngg_post_thumbnail":0,"footnotes":""},"categories":[42,33,37],"tags":[82,866,2692,175,56],"class_list":["post-17383","post","type-post","status-publish","format-standard","has-post-thumbnail","hentry","category-fred-west","category-noticias","category-saude","tag-frederico-westphalen","tag-gripe","tag-h1n1","tag-saude-2","tag-vacinacao"],"amp_enabled":true,"_links":{"self":[{"href":"https:\/\/www2.comunitaria.com.br\/en\/wp-json\/wp\/v2\/posts\/17383","targetHints":{"allow":["GET"]}}],"collection":[{"href":"https:\/\/www2.comunitaria.com.br\/en\/wp-json\/wp\/v2\/posts"}],"about":[{"href":"https:\/\/www2.comunitaria.com.br\/en\/wp-json\/wp\/v2\/types\/post"}],"author":[{"embeddable":true,"href":"https:\/\/www2.comunitaria.com.br\/en\/wp-json\/wp\/v2\/users\/2"}],"replies":[{"embeddable":true,"href":"https:\/\/www2.comunitaria.com.br\/en\/wp-json\/wp\/v2\/comments?post=17383"}],"version-history":[{"count":0,"href":"https:\/\/www2.comunitaria.com.br\/en\/wp-json\/wp\/v2\/posts\/17383\/revisions"}],"wp:featuredmedia":[{"embeddable":true,"href":"https:\/\/www2.comunitaria.com.br\/en\/wp-json\/wp\/v2\/media\/17385"}],"wp:attachment":[{"href":"https:\/\/www2.comunitaria.com.br\/en\/wp-json\/wp\/v2\/media?parent=17383"}],"wp:term":[{"taxonomy":"category","embeddable":true,"href":"https:\/\/www2.comunitaria.com.br\/en\/wp-json\/wp\/v2\/categories?post=17383"},{"taxonomy":"post_tag","embeddable":true,"href":"https:\/\/www2.comunitaria.com.br\/en\/wp-json\/wp\/v2\/tags?post=17383"}],"curies":[{"name":"wp","href":"https:\/\/api.w.org\/{rel}","templated":true}]}}