{"id":17333,"date":"2016-04-12T09:30:59","date_gmt":"2016-04-12T11:30:59","guid":{"rendered":"http:\/\/www2.comunitaria.com.br\/?p=17333"},"modified":"2016-04-12T09:30:59","modified_gmt":"2016-04-12T11:30:59","slug":"agencia-do-ipe-reabre-em-frederico-westphalen","status":"publish","type":"post","link":"https:\/\/www2.comunitaria.com.br\/en\/agencia-do-ipe-reabre-em-frederico-westphalen\/","title":{"rendered":"Ag\u00eancia do IPE reabre em Frederico Westphalen"},"content":{"rendered":"<p style=\"text-align: justify;\">Desde o in\u00edcio do m\u00eas de abril est\u00e1 em funcionamento o Escrit\u00f3rio do Instituto de Previd\u00eancia Social do Estado do Rio Grande do Sul (IPE), em Frederico Westphalen. As atividades foram retomadas por meio de uma parceria firmada pelo munic\u00edpio e o IPE.<\/p>\n<p style=\"text-align: justify;\">O Escrit\u00f3rio do IPE de Frederico Westphalen encerrou as atividades em 2015. Com o objetivo de retomar o atendimento, o Prefeito Roberto Felin Junior procurou o Instituto de Previd\u00eancia Social do Estado do Rio Grande do Sul (IPE). Em abril de 2015 foi entregue uma Mo\u00e7\u00e3o de Apelo, pela reabertura do Escrit\u00f3rio, \u00a0ao presidente IPE, Jos\u00e9 Parode. Depois de um longo per\u00edodo solicitando o retorno das atividades, em dezembro do ano passado o contrato que estabelecia a parceria entre o IPE e o munic\u00edpio foi oficializado.<\/p>\n<p style=\"text-align: justify;\">Para que a parceria fosse poss\u00edvel, a Administra\u00e7\u00e3o Municipal de Frederico Westphalen firmou um conv\u00eanio, cedendo um funcion\u00e1rio, o espa\u00e7o f\u00edsico e os equipamentos de inform\u00e1tica. De acordo com o Prefeito Roberto Felin J\u00fanior, essa atitude facilita o acesso ao servi\u00e7o. \u201d Quando planejamos esse conv\u00eanio foi na inten\u00e7\u00e3o de colaborar com o Estado, por isso estamos cedendo tudo que \u00e9 necess\u00e1rio para reabertura do posto do IPE em Frederico Westphalen. Hoje, a comunidade frederiquense que precisa deste servi\u00e7o n\u00e3o precisa mais se deslocar para outro munic\u00edpio\u201d, diz o prefeito.<\/p>\n<p style=\"text-align: justify;\">Segundo a respons\u00e1vel pelo Escrit\u00f3rio do IPE de Frederico Westphalen, \u00c2ngela Silvana Raimann, mais sete munic\u00edpios da regi\u00e3o est\u00e3o sendo beneficiados com a reabertura. \u201cAtendemos tamb\u00e9m Cai\u00e7ara, Erval Seco, Palmitinho, Vicente Dutra, Rodeio Bonito, Taquaru\u00e7u do Sul e Vista Alegre\u201d, comenta \u00c2ngela. A respons\u00e1vel pelo Escrit\u00f3rio ainda aponta que o treinamento para sua capacita\u00e7\u00e3o est\u00e1 acontecendo concomitante ao atendimento, sendo que um funcion\u00e1rio do IPE est\u00e1 em Frederico Westphalen passando as fun\u00e7\u00f5es do cargo, pelo per\u00edodo de um m\u00eas.<\/p>\n<p style=\"text-align: justify;\">Segundo \u00c2ngela no atendimento s\u00e3o ofertados servi\u00e7os em geral do IPE. O Escrit\u00f3rio do IPE est\u00e1 instalado na Prefeitura de Frederico Westphalen, no setor de departamento pessoal e o hor\u00e1rio de atendimento \u00e9 o mesmo da\u00a0 Prefeitura, ou seja, pela manh\u00e3 das 8h \u00e0s 12 e a tarde da 13h30\u00a0 \u00e0s 17h30. O telefone para contato \u00e9 3744-5050.<\/p>\n<p style=\"text-align: justify;\"><strong>ASCOM Prefeitura de FW<\/strong><\/p>","protected":false},"excerpt":{"rendered":"<p>Desde o in\u00edcio do m\u00eas de abril est\u00e1 em funcionamento o Escrit\u00f3rio do Instituto de Previd\u00eancia Social do Estado do Rio Grande do Sul (IPE), em Frederico Westphalen. As atividades foram retomadas por meio de uma parceria firmada pelo munic\u00edpio e o IPE. O Escrit\u00f3rio do IPE de Frederico Westphalen encerrou as atividades em 2015.<\/p>\n<div class=\"read-more-wrapper\"><a class=\"read-more\" href=\"https:\/\/www2.comunitaria.com.br\/en\/agencia-do-ipe-reabre-em-frederico-westphalen\/\" title=\"Read More\"> <span class=\"button\">Read More<\/span><\/a><\/div>","protected":false},"author":2,"featured_media":17334,"comment_status":"open","ping_status":"closed","sticky":false,"template":"","format":"standard","meta":{"ngg_post_thumbnail":0,"footnotes":""},"categories":[42,33],"tags":[2159,226,1183,2747],"class_list":["post-17333","post","type-post","status-publish","format-standard","has-post-thumbnail","hentry","category-fred-west","category-noticias","tag-ipe","tag-prefeitura","tag-previdencia-social","tag-reabertura"],"amp_enabled":true,"_links":{"self":[{"href":"https:\/\/www2.comunitaria.com.br\/en\/wp-json\/wp\/v2\/posts\/17333","targetHints":{"allow":["GET"]}}],"collection":[{"href":"https:\/\/www2.comunitaria.com.br\/en\/wp-json\/wp\/v2\/posts"}],"about":[{"href":"https:\/\/www2.comunitaria.com.br\/en\/wp-json\/wp\/v2\/types\/post"}],"author":[{"embeddable":true,"href":"https:\/\/www2.comunitaria.com.br\/en\/wp-json\/wp\/v2\/users\/2"}],"replies":[{"embeddable":true,"href":"https:\/\/www2.comunitaria.com.br\/en\/wp-json\/wp\/v2\/comments?post=17333"}],"version-history":[{"count":0,"href":"https:\/\/www2.comunitaria.com.br\/en\/wp-json\/wp\/v2\/posts\/17333\/revisions"}],"wp:featuredmedia":[{"embeddable":true,"href":"https:\/\/www2.comunitaria.com.br\/en\/wp-json\/wp\/v2\/media\/17334"}],"wp:attachment":[{"href":"https:\/\/www2.comunitaria.com.br\/en\/wp-json\/wp\/v2\/media?parent=17333"}],"wp:term":[{"taxonomy":"category","embeddable":true,"href":"https:\/\/www2.comunitaria.com.br\/en\/wp-json\/wp\/v2\/categories?post=17333"},{"taxonomy":"post_tag","embeddable":true,"href":"https:\/\/www2.comunitaria.com.br\/en\/wp-json\/wp\/v2\/tags?post=17333"}],"curies":[{"name":"wp","href":"https:\/\/api.w.org\/{rel}","templated":true}]}}