{"id":1733,"date":"2014-12-30T11:24:55","date_gmt":"2014-12-30T13:24:55","guid":{"rendered":"http:\/\/www2.comunitaria.com.br\/?p=1733"},"modified":"2014-12-30T14:11:35","modified_gmt":"2014-12-30T16:11:35","slug":"entrevista-ex-presidente-do-legislativo-faz-avaliacao-da-gestao","status":"publish","type":"post","link":"https:\/\/www2.comunitaria.com.br\/en\/entrevista-ex-presidente-do-legislativo-faz-avaliacao-da-gestao\/","title":{"rendered":"Entrevista: Ex-Presidente do Legislativo faz avalia\u00e7\u00e3o da gest\u00e3o"},"content":{"rendered":"<p style=\"text-align: justify;\">Na ultima sess\u00e3o da C\u00e2mara de Vereadores de FW, no \u00faltimo dia 16, foi eleito por unanimidade dos 11 vereadores, Paulo Donin de Lima o Presidente do Legislativo para 2015. Naquela semana o novo presidente concedeu entrevista a 97.9 falando sobre seus objetivos a frente da C\u00e2mara.<\/p>\n<p style=\"text-align: justify;\">Nesta Ter\u00e7a-feira dia, 30, recebemos no est\u00fadio da R\u00e1dio Comunit\u00e1ria o Presidente da C\u00e2mara no ano de 2014, Ricardo Denti Junior, que fez uma avalia\u00e7\u00e3o dos trabalhos ao longo deste ano.<\/p>\n<audio class=\"wp-audio-shortcode\" id=\"audio-1733-1\" preload=\"none\" style=\"width: 100%;\" controls=\"controls\"><source type=\"audio\/mpeg\" src=\"http:\/\/www2.comunitaria.com.br\/wp-content\/uploads\/2014\/12\/junico.mp3?_=1\" \/><a href=\"http:\/\/www2.comunitaria.com.br\/wp-content\/uploads\/2014\/12\/junico.mp3\">http:\/\/www2.comunitaria.com.br\/wp-content\/uploads\/2014\/12\/junico.mp3<\/a><\/audio>\n<p>&nbsp;<\/p>","protected":false},"excerpt":{"rendered":"<p>Na ultima sess\u00e3o da C\u00e2mara de Vereadores de FW, no \u00faltimo dia 16, foi eleito por unanimidade dos 11 vereadores, Paulo Donin de Lima o Presidente do Legislativo para 2015&#8230;.<\/p>","protected":false},"author":2,"featured_media":1738,"comment_status":"open","ping_status":"closed","sticky":false,"template":"","format":"standard","meta":{"ngg_post_thumbnail":0,"footnotes":""},"categories":[51,42,28,33,38],"tags":[506,505,158,442],"class_list":["post-1733","post","type-post","status-publish","format-standard","has-post-thumbnail","hentry","category-audio","category-fred-west","category-destaque","category-noticias","category-politica","tag-506","tag-balaco","tag-camara-de-vereadores","tag-entrevista"],"amp_enabled":true,"_links":{"self":[{"href":"https:\/\/www2.comunitaria.com.br\/en\/wp-json\/wp\/v2\/posts\/1733","targetHints":{"allow":["GET"]}}],"collection":[{"href":"https:\/\/www2.comunitaria.com.br\/en\/wp-json\/wp\/v2\/posts"}],"about":[{"href":"https:\/\/www2.comunitaria.com.br\/en\/wp-json\/wp\/v2\/types\/post"}],"author":[{"embeddable":true,"href":"https:\/\/www2.comunitaria.com.br\/en\/wp-json\/wp\/v2\/users\/2"}],"replies":[{"embeddable":true,"href":"https:\/\/www2.comunitaria.com.br\/en\/wp-json\/wp\/v2\/comments?post=1733"}],"version-history":[{"count":0,"href":"https:\/\/www2.comunitaria.com.br\/en\/wp-json\/wp\/v2\/posts\/1733\/revisions"}],"wp:featuredmedia":[{"embeddable":true,"href":"https:\/\/www2.comunitaria.com.br\/en\/wp-json\/wp\/v2\/media\/1738"}],"wp:attachment":[{"href":"https:\/\/www2.comunitaria.com.br\/en\/wp-json\/wp\/v2\/media?parent=1733"}],"wp:term":[{"taxonomy":"category","embeddable":true,"href":"https:\/\/www2.comunitaria.com.br\/en\/wp-json\/wp\/v2\/categories?post=1733"},{"taxonomy":"post_tag","embeddable":true,"href":"https:\/\/www2.comunitaria.com.br\/en\/wp-json\/wp\/v2\/tags?post=1733"}],"curies":[{"name":"wp","href":"https:\/\/api.w.org\/{rel}","templated":true}]}}