{"id":17072,"date":"2016-04-06T09:55:40","date_gmt":"2016-04-06T11:55:40","guid":{"rendered":"http:\/\/www2.comunitaria.com.br\/?p=17072"},"modified":"2016-04-06T09:55:41","modified_gmt":"2016-04-06T11:55:41","slug":"patramfw-constata-casos-de-supressao-de-vegetacao-e-construcao-irregular","status":"publish","type":"post","link":"https:\/\/www2.comunitaria.com.br\/en\/patramfw-constata-casos-de-supressao-de-vegetacao-e-construcao-irregular\/","title":{"rendered":"Patram\/FW constata casos de supress\u00e3o de vegeta\u00e7\u00e3o e constru\u00e7\u00e3o irregular"},"content":{"rendered":"<p style=\"text-align: justify;\"><a href=\"http:\/\/www2.comunitaria.com.br\/en\/patramfw-constata-casos-de-supressao-de-vegetacao-e-construcao-irregular\/12321678_232680930419027_6027138629990694529_n\/\" rel=\"attachment wp-att-17074\"><img loading=\"lazy\" decoding=\"async\" class=\"size-thumbnail wp-image-17074 alignright\" src=\"http:\/\/www2.comunitaria.com.br\/wp-content\/uploads\/2016\/04\/12321678_232680930419027_6027138629990694529_n-150x150.jpg\" alt=\"12321678_232680930419027_6027138629990694529_n\" width=\"150\" height=\"150\" srcset=\"https:\/\/www2.comunitaria.com.br\/wp-content\/uploads\/2016\/04\/12321678_232680930419027_6027138629990694529_n-150x150.jpg 150w, https:\/\/www2.comunitaria.com.br\/wp-content\/uploads\/2016\/04\/12321678_232680930419027_6027138629990694529_n-65x65.jpg 65w\" sizes=\"auto, (max-width: 150px) 100vw, 150px\" \/><\/a>Uma guarni\u00e7\u00e3o do 2\u00b0 Grupo de Pol\u00edcia Ambiental (GPA) esteve na Linha Taipas, em Vicente Dutra, no dia 30 de mar\u00e7o, onde constatou uma constru\u00e7\u00e3o irregular e supress\u00e3o de vegeta\u00e7\u00e3o nativa em \u00c1rea de Preserva\u00e7\u00e3o Permanente (APP). Tamb\u00e9m foi constatada supress\u00e3o de vegeta\u00e7\u00e3o nativa na Linha Gruta, em Cai\u00e7ara, no dia 1\u00b0 de abril. Foi desmatado cerca de 1.000m\u00b2 sem autoriza\u00e7\u00e3o ambiental.<\/p>\n<p style=\"text-align: justify;\">Foi tomado os procedimentos cab\u00edveis e os relat\u00f3rios ser\u00e3o enviados \u00e0s autoridades competentes.<\/p>\n<p style=\"text-align: justify;\">Al\u00e9m dessas irregularidades, a Patram\/FW fez, entre 29 de mar\u00e7o e 04 de abril, vistorias de rotina e atendendo solicita\u00e7\u00f5es do Minist\u00e9rio P\u00fablico. Foram visitadas propriedades em Ira\u00ed, Vicente Dutra, Frederico Westphalen, Cai\u00e7ara, Jaboticaba, Cerro Grande e S\u00e3o Pedro das Miss\u00f5es.<\/p>\n<p style=\"text-align: justify;\">Tamb\u00e9m foi realizado um patrulhamento pelo interior de Ira\u00ed no dia 1\u00b0 de abril, onde havia uma den\u00fancia de ca\u00e7a e outras irregularidades. A guarni\u00e7\u00e3o abordou ve\u00edculos e identificou pessoas, mas n\u00e3o foi confirmada a den\u00fancia.<\/p>","protected":false},"excerpt":{"rendered":"<p>Uma guarni\u00e7\u00e3o do 2\u00b0 Grupo de Pol\u00edcia Ambiental (GPA) esteve na Linha Taipas, em Vicente Dutra, no dia 30 de mar\u00e7o, onde constatou uma constru\u00e7\u00e3o irregular e supress\u00e3o de vegeta\u00e7\u00e3o nativa em \u00c1rea de Preserva\u00e7\u00e3o Permanente (APP). Tamb\u00e9m foi constatada supress\u00e3o de vegeta\u00e7\u00e3o nativa na Linha Gruta, em Cai\u00e7ara, no dia 1\u00b0 de abril. Foi<\/p>\n<div class=\"read-more-wrapper\"><a class=\"read-more\" href=\"https:\/\/www2.comunitaria.com.br\/en\/patramfw-constata-casos-de-supressao-de-vegetacao-e-construcao-irregular\/\" title=\"Read More\"> <span class=\"button\">Read More<\/span><\/a><\/div>","protected":false},"author":2,"featured_media":17073,"comment_status":"open","ping_status":"closed","sticky":false,"template":"","format":"standard","meta":{"ngg_post_thumbnail":0,"footnotes":""},"categories":[42,33,43],"tags":[1435,1938,86,2710,2191],"class_list":["post-17072","post","type-post","status-publish","format-standard","has-post-thumbnail","hentry","category-fred-west","category-noticias","category-regiao","tag-irregularidades","tag-patram","tag-regiao-2","tag-supressao-vegetal","tag-vistorias"],"amp_enabled":true,"_links":{"self":[{"href":"https:\/\/www2.comunitaria.com.br\/en\/wp-json\/wp\/v2\/posts\/17072","targetHints":{"allow":["GET"]}}],"collection":[{"href":"https:\/\/www2.comunitaria.com.br\/en\/wp-json\/wp\/v2\/posts"}],"about":[{"href":"https:\/\/www2.comunitaria.com.br\/en\/wp-json\/wp\/v2\/types\/post"}],"author":[{"embeddable":true,"href":"https:\/\/www2.comunitaria.com.br\/en\/wp-json\/wp\/v2\/users\/2"}],"replies":[{"embeddable":true,"href":"https:\/\/www2.comunitaria.com.br\/en\/wp-json\/wp\/v2\/comments?post=17072"}],"version-history":[{"count":0,"href":"https:\/\/www2.comunitaria.com.br\/en\/wp-json\/wp\/v2\/posts\/17072\/revisions"}],"wp:featuredmedia":[{"embeddable":true,"href":"https:\/\/www2.comunitaria.com.br\/en\/wp-json\/wp\/v2\/media\/17073"}],"wp:attachment":[{"href":"https:\/\/www2.comunitaria.com.br\/en\/wp-json\/wp\/v2\/media?parent=17072"}],"wp:term":[{"taxonomy":"category","embeddable":true,"href":"https:\/\/www2.comunitaria.com.br\/en\/wp-json\/wp\/v2\/categories?post=17072"},{"taxonomy":"post_tag","embeddable":true,"href":"https:\/\/www2.comunitaria.com.br\/en\/wp-json\/wp\/v2\/tags?post=17072"}],"curies":[{"name":"wp","href":"https:\/\/api.w.org\/{rel}","templated":true}]}}