{"id":1707,"date":"2014-12-26T17:18:57","date_gmt":"2014-12-26T19:18:57","guid":{"rendered":"http:\/\/www2.comunitaria.com.br\/?p=1707"},"modified":"2014-12-26T17:19:40","modified_gmt":"2014-12-26T19:19:40","slug":"uniao-foca-na-parte-fisica-ate-o-fim-do-ano","status":"publish","type":"post","link":"https:\/\/www2.comunitaria.com.br\/en\/uniao-foca-na-parte-fisica-ate-o-fim-do-ano\/","title":{"rendered":"Uni\u00e3o foca na parte f\u00edsica at\u00e9 o fim do ano"},"content":{"rendered":"<p style=\"text-align: justify;\">O Uni\u00e3o Frederiquense de futebol retomou as atividade com o grupo de atletas j\u00e1 nesta sexta-feira, dia 26. No campo do Bangu, foram conduzidos os trabalhos com foco na prepara\u00e7\u00e3o f\u00edsica da equipe.<\/p>\n<p style=\"text-align: justify;\">Conforme o t\u00e9cnico Rodrigo Bandeira, essa segunda semana e os pr\u00f3ximos dias ainda ser\u00e3o de aten\u00e7\u00e3o a parte f\u00edsica, tudo em prepara\u00e7\u00e3o para\u00a0 a pr\u00e9-temporada.<\/p>\n<p style=\"text-align: justify;\">Bandeira fala ainda das impress\u00f5es que esta tendo do grupo a medida que os trabalhos evoluem.<\/p>\n<!--[if lt IE 9]><script>document.createElement('audio');<\/script><![endif]-->\n<audio class=\"wp-audio-shortcode\" id=\"audio-1707-1\" preload=\"none\" style=\"width: 100%;\" controls=\"controls\"><source type=\"audio\/mpeg\" src=\"http:\/\/www2.comunitaria.com.br\/wp-content\/uploads\/2014\/12\/BANDEIRA-HOJE.mp3?_=1\" \/><a href=\"http:\/\/www2.comunitaria.com.br\/wp-content\/uploads\/2014\/12\/BANDEIRA-HOJE.mp3\">http:\/\/www2.comunitaria.com.br\/wp-content\/uploads\/2014\/12\/BANDEIRA-HOJE.mp3<\/a><\/audio>\n<p style=\"text-align: justify;\">Sexta-feira, 26 de dezembro de 2014<\/p>\n<p style=\"text-align: justify;\">&#8211;\u00a0Manh\u00e3: Folga de Natal<\/p>\n<p style=\"text-align: justify;\">&#8211;\u00a0Tarde: 15h30min &#8211; Reapresenta\u00e7\u00e3o e testes f\u00edsicos (Bangu)<\/p>\n<p style=\"text-align: justify;\"><strong>S\u00e1bado, 27 de dezembro de 2014<\/strong><\/p>\n<p style=\"text-align: justify;\">&#8211;\u00a0Manh\u00e3: 9h &#8211; Testes f\u00edsicos (Bangu)<\/p>\n<p style=\"text-align: justify;\">&#8211;\u00a0Tarde: 15h30 &#8211; Treino t\u00e9cnico (Bangu)<\/p>\n<p style=\"text-align: justify;\">Domingo, 28 de dezembro de 2014<\/p>\n<p style=\"text-align: justify;\">&#8211;\u00a0Manh\u00e3: 9h &#8211; Treino f\u00edsico (Vermelh\u00e3o da Colina)<\/p>\n<p style=\"text-align: justify;\">&#8211;\u00a0Tarde: Recupera\u00e7\u00e3o passiva<\/p>","protected":false},"excerpt":{"rendered":"<p>O Uni\u00e3o Frederiquense de futebol retomou as atividade com o grupo de atletas j\u00e1 nesta sexta-feira, dia 26. No campo do Bangu, foram conduzidos os trabalhos com foco na prepara\u00e7\u00e3o f\u00edsica da equipe. Conforme o t\u00e9cnico Rodrigo Bandeira, essa segunda semana e os pr\u00f3ximos dias ainda ser\u00e3o de aten\u00e7\u00e3o a parte f\u00edsica, tudo em prepara\u00e7\u00e3o<\/p>\n<div class=\"read-more-wrapper\"><a class=\"read-more\" href=\"https:\/\/www2.comunitaria.com.br\/en\/uniao-foca-na-parte-fisica-ate-o-fim-do-ano\/\" title=\"Read More\"> <span class=\"button\">Read More<\/span><\/a><\/div>","protected":false},"author":2,"featured_media":1709,"comment_status":"open","ping_status":"closed","sticky":false,"template":"","format":"standard","meta":{"ngg_post_thumbnail":0,"footnotes":""},"categories":[51,34,33,48],"tags":[124,491,490,171],"class_list":["post-1707","post","type-post","status-publish","format-standard","has-post-thumbnail","hentry","category-audio","category-esportes","category-noticias","category-uniao-frederiquense","tag-gauchao-2015","tag-preparacao","tag-treino","tag-uniao"],"amp_enabled":true,"_links":{"self":[{"href":"https:\/\/www2.comunitaria.com.br\/en\/wp-json\/wp\/v2\/posts\/1707","targetHints":{"allow":["GET"]}}],"collection":[{"href":"https:\/\/www2.comunitaria.com.br\/en\/wp-json\/wp\/v2\/posts"}],"about":[{"href":"https:\/\/www2.comunitaria.com.br\/en\/wp-json\/wp\/v2\/types\/post"}],"author":[{"embeddable":true,"href":"https:\/\/www2.comunitaria.com.br\/en\/wp-json\/wp\/v2\/users\/2"}],"replies":[{"embeddable":true,"href":"https:\/\/www2.comunitaria.com.br\/en\/wp-json\/wp\/v2\/comments?post=1707"}],"version-history":[{"count":0,"href":"https:\/\/www2.comunitaria.com.br\/en\/wp-json\/wp\/v2\/posts\/1707\/revisions"}],"wp:featuredmedia":[{"embeddable":true,"href":"https:\/\/www2.comunitaria.com.br\/en\/wp-json\/wp\/v2\/media\/1709"}],"wp:attachment":[{"href":"https:\/\/www2.comunitaria.com.br\/en\/wp-json\/wp\/v2\/media?parent=1707"}],"wp:term":[{"taxonomy":"category","embeddable":true,"href":"https:\/\/www2.comunitaria.com.br\/en\/wp-json\/wp\/v2\/categories?post=1707"},{"taxonomy":"post_tag","embeddable":true,"href":"https:\/\/www2.comunitaria.com.br\/en\/wp-json\/wp\/v2\/tags?post=1707"}],"curies":[{"name":"wp","href":"https:\/\/api.w.org\/{rel}","templated":true}]}}