{"id":17046,"date":"2016-04-05T11:03:49","date_gmt":"2016-04-05T13:03:49","guid":{"rendered":"http:\/\/www2.comunitaria.com.br\/?p=17046"},"modified":"2016-04-05T11:12:03","modified_gmt":"2016-04-05T13:12:03","slug":"inscricoes-para-o-14o-carijinho-da-cancao-gaucha-estao-abertas-ate-22-de-abril","status":"publish","type":"post","link":"https:\/\/www2.comunitaria.com.br\/en\/inscricoes-para-o-14o-carijinho-da-cancao-gaucha-estao-abertas-ate-22-de-abril\/","title":{"rendered":"Inscri\u00e7\u00f5es para o 14\u00ba Carijinho da Can\u00e7\u00e3o Ga\u00facha est\u00e3o abertas at\u00e9 22 de abril"},"content":{"rendered":"<p style=\"text-align: justify;\">Est\u00e3o abertas at\u00e9 o pr\u00f3ximo dia 22 de abril as inscri\u00e7\u00f5es para o 14\u00ba Carijinho da Can\u00e7\u00e3o Ga\u00facha, competi\u00e7\u00e3o musical infanto-juvenil que acontece junto ao 31\u00ba Carijo da Can\u00e7\u00e3o Ga\u00facha, de 26 a 29 de maio em Palmeira das Miss\u00f5es, maior festival de m\u00fasica nativista do Sul do Brasil. As inscri\u00e7\u00f5es s\u00e3o gratuitas e podem ser efetuadas diretamente na Secretaria Municipal de Educa\u00e7\u00e3o (SME), que \u00e9 a respons\u00e1vel pela organiza\u00e7\u00e3o do Carijinho, em parceria com a Secretaria Municipal de Cultura e Turismo. Tamb\u00e9m s\u00e3o aceitas inscri\u00e7\u00f5es via Correios ou por e-mail at\u00e9 a data mencionada.<\/p>\n<p style=\"text-align: justify;\">Podem inscrever-se candidatos que, at\u00e9 o dia da apresenta\u00e7\u00e3o, tenham completado 13 anos para concorrer na categoria Pi\u00e1, e no m\u00e1ximo 17 anos para concorrer na categoria Piazote. Contando com o apoio da Administra\u00e7\u00e3o Municipal, o festival tem por objetivos favorecer a revela\u00e7\u00e3o de novos talentos e promover a integra\u00e7\u00e3o dos jovens artistas, no contexto da m\u00fasica regional do Rio Grande do Sul, premiando as interpreta\u00e7\u00f5es destacadas.<\/p>\n<p style=\"text-align: justify;\">Os m\u00fasicos e instrumentistas, seus pais ou respons\u00e1veis poder\u00e3o tirar todas as suas d\u00favidas junto \u00e0 SME presencialmente ou via telefone. O regulamento, inclusive, j\u00e1 est\u00e1 dispon\u00edvel para quem desejar consult\u00e1-lo on-line junto ao site do evento (www.carijo.rs). L\u00e1 constam os detalhes completos sobre como participar, categorias, premia\u00e7\u00f5es e a programa\u00e7\u00e3o completa.<\/p>\n<p style=\"text-align: justify;\"><strong>Contatos para o Carijinho<\/strong><\/p>\n<ul>\n<li style=\"text-align: justify;\">Secretaria Municipal de Educa\u00e7\u00e3o:<\/li>\n<li style=\"text-align: justify;\">Pra\u00e7a Nassib Nassif, 381, Centro \u2013 Palmeira das Miss\u00f5es<\/li>\n<li style=\"text-align: justify;\">Telefones: 55 3742 7608 \/ 3742 0071<\/li>\n<li style=\"text-align: justify;\">E-mail: carijinho_pm@hotmail.com<\/li>\n<\/ul>\n<p><strong>Assessoria de Imprensa Prefeitura de Palmeira das Miss\u00f5es<\/strong><\/p>","protected":false},"excerpt":{"rendered":"<p>Est\u00e3o abertas at\u00e9 o pr\u00f3ximo dia 22 de abril as inscri\u00e7\u00f5es para o 14\u00ba Carijinho da Can\u00e7\u00e3o Ga\u00facha, competi\u00e7\u00e3o musical infanto-juvenil que acontece junto ao 31\u00ba Carijo da Can\u00e7\u00e3o Ga\u00facha,&#8230;<\/p>","protected":false},"author":2,"featured_media":17047,"comment_status":"open","ping_status":"closed","sticky":false,"template":"","format":"standard","meta":{"ngg_post_thumbnail":0,"footnotes":""},"categories":[100,28,33,43,35],"tags":[2703,781,149,1159,202],"class_list":["post-17046","post","type-post","status-publish","format-standard","has-post-thumbnail","hentry","category-musica","category-destaque","category-noticias","category-regiao","category-variedades","tag-carijinho","tag-carijo","tag-inscricoes","tag-musica","tag-palmeira-das-missoes"],"amp_enabled":true,"_links":{"self":[{"href":"https:\/\/www2.comunitaria.com.br\/en\/wp-json\/wp\/v2\/posts\/17046","targetHints":{"allow":["GET"]}}],"collection":[{"href":"https:\/\/www2.comunitaria.com.br\/en\/wp-json\/wp\/v2\/posts"}],"about":[{"href":"https:\/\/www2.comunitaria.com.br\/en\/wp-json\/wp\/v2\/types\/post"}],"author":[{"embeddable":true,"href":"https:\/\/www2.comunitaria.com.br\/en\/wp-json\/wp\/v2\/users\/2"}],"replies":[{"embeddable":true,"href":"https:\/\/www2.comunitaria.com.br\/en\/wp-json\/wp\/v2\/comments?post=17046"}],"version-history":[{"count":0,"href":"https:\/\/www2.comunitaria.com.br\/en\/wp-json\/wp\/v2\/posts\/17046\/revisions"}],"wp:featuredmedia":[{"embeddable":true,"href":"https:\/\/www2.comunitaria.com.br\/en\/wp-json\/wp\/v2\/media\/17047"}],"wp:attachment":[{"href":"https:\/\/www2.comunitaria.com.br\/en\/wp-json\/wp\/v2\/media?parent=17046"}],"wp:term":[{"taxonomy":"category","embeddable":true,"href":"https:\/\/www2.comunitaria.com.br\/en\/wp-json\/wp\/v2\/categories?post=17046"},{"taxonomy":"post_tag","embeddable":true,"href":"https:\/\/www2.comunitaria.com.br\/en\/wp-json\/wp\/v2\/tags?post=17046"}],"curies":[{"name":"wp","href":"https:\/\/api.w.org\/{rel}","templated":true}]}}