{"id":17000,"date":"2016-04-04T09:46:21","date_gmt":"2016-04-04T11:46:21","guid":{"rendered":"http:\/\/www2.comunitaria.com.br\/?p=17000"},"modified":"2016-04-04T09:46:21","modified_gmt":"2016-04-04T11:46:21","slug":"ctg-rodeio-da-querencia-empossa-nova-patronagem","status":"publish","type":"post","link":"https:\/\/www2.comunitaria.com.br\/en\/ctg-rodeio-da-querencia-empossa-nova-patronagem\/","title":{"rendered":"CTG Rodeio da Quer\u00eancia empossa nova patronagem"},"content":{"rendered":"<p style=\"text-align: justify;\">Na noite de s\u00e1bado, 2, o Centro de Tradi\u00e7\u00f5es Ga\u00fachas (CTG) Rodeio da Quer\u00eancia de Frederico Westphalen empossou sua nova patronagem. Mais de 450 pessoas participaram da cerim\u00f4nia que contou com a tradicional troca de comando, al\u00e9m de fandango e sorteio de brindes.<\/p>\n<p style=\"text-align: justify;\">O novo patr\u00e3o, Sergio Ant\u00f4nio Machado da Luz, destaca que o seu trabalho ser\u00e1 baseado na renova\u00e7\u00e3o:<\/p>\n<!--[if lt IE 9]><script>document.createElement('audio');<\/script><![endif]-->\n<audio class=\"wp-audio-shortcode\" id=\"audio-17000-1\" preload=\"none\" style=\"width: 100%;\" controls=\"controls\"><source type=\"audio\/mpeg\" src=\"http:\/\/www2.comunitaria.com.br\/wp-content\/uploads\/2016\/04\/patr\u00e3o.mp3?_=1\" \/><a href=\"http:\/\/www2.comunitaria.com.br\/wp-content\/uploads\/2016\/04\/patr\u00e3o.mp3\">http:\/\/www2.comunitaria.com.br\/wp-content\/uploads\/2016\/04\/patr\u00e3o.mp3<\/a><\/audio>\n<p style=\"text-align: justify;\"><strong>Confira os membros da nova patronagem:<\/strong><\/p>\n<p style=\"text-align: justify;\"><strong>Patr\u00e3o \u2013 <\/strong>S\u00e9rgio Ant\u00f4nio Machado da Luz<br \/>\n<strong>1\u00ba Capataz \u2013 <\/strong>Jorge Luiz Carvalho<br \/>\n<strong>2\u00ba Capataz \u2013 <\/strong>F\u00e1bio Jos\u00e9 Pavan<br \/>\n<strong>3\u00ba Capataz \u2013 <\/strong>Jandir Ant\u00f4nio dos Santos<br \/>\n<strong>1\u00ba Sota Capataz \u2013 <\/strong>Mirtes T. Friedrich Quadro<br \/>\n<strong>2\u00ba Sota Capataz \u2013 <\/strong>Diego Bertoletti da Rocha<br \/>\n<strong>1\u00ba Agregado das Chelpas \u2013 <\/strong>Adilson Severo<br \/>\n<strong>2\u00ba Agregado das Chelpas \u2013 <\/strong>Juliano dos Santos<br \/>\n<strong>3\u00ba Agregado das Chelpas \u2013 <\/strong>Marcel Vendruscolo<\/p>\n<p style=\"text-align: justify;\"><strong>Departamentos<br \/>\n<\/strong><strong>1\u00ba Xir\u00fa das Falas \u2013 <\/strong>F\u00e1bio Jos\u00e9 Pavan<br \/>\n<strong>2\u00ba Xir\u00fa das Falas \u2013 <\/strong>Juliano dos Santos<br \/>\n<strong>3\u00ba Xir\u00fa das Falas \u2013 <\/strong>Morgana Bertoncello Pavan<br \/>\n<strong>Departamento Art\u00edstico \u2013 <\/strong>Marcel e Sandra Vendruscolo<br \/>\n<strong>Departamento Campeiro \u2013 <\/strong>Jos\u00e9 Grassi<br \/>\n<strong>Departamento Cultural \u2013 <\/strong>Fernanda Bertotti<br \/>\n<strong>Departamento Patrimonial \u2013 <\/strong>Jorge Luiz Carvalho e Rog\u00e9rio Paloschi<br \/>\n<strong>Departamento Social \u2013 <\/strong>El\u00f3i Lu\u00eds Ulbriki<br \/>\n<strong>Departamento Esportivo \u2013 <\/strong>Dorvalino Dalla Costa<br \/>\n<strong>Departamento Jur\u00eddico \u2013 <\/strong>M\u00e1rcio da Rosa<br \/>\n<strong>Departamento Jovem \u2013 <\/strong>Renan Buzatto<br \/>\n<strong>Departamento Gastron\u00f4mico \u2013 <\/strong>F\u00e1bio Jos\u00e9 Pavan<br \/>\n<strong>Departamento Espiritual \u2013 <\/strong>Pe. Leonir Agostinho Fainello<br \/>\n<strong>Contabilista \u2013 <\/strong>Escrit\u00f3rio Marchezan<\/p>\n<p style=\"text-align: justify;\"><strong>Conselho de Vaqueanos<br \/>\n<\/strong>Valmor Pavan (presidente)<br \/>\nL\u00eddio Pedro Signori<br \/>\nRui Ant\u00f4nio Volkweis<br \/>\nBelonir Vendruscolo<br \/>\nClemir Pessotto<br \/>\nVolmar Tauffer<\/p>\n\n\t\t<style type=\"text\/css\">\n\t\t\t#gallery-1 {\n\t\t\t\tmargin: auto;\n\t\t\t}\n\t\t\t#gallery-1 .gallery-item {\n\t\t\t\tfloat: left;\n\t\t\t\tmargin-top: 10px;\n\t\t\t\ttext-align: center;\n\t\t\t\twidth: 33%;\n\t\t\t}\n\t\t\t#gallery-1 img {\n\t\t\t\tborder: 2px solid #cfcfcf;\n\t\t\t}\n\t\t\t#gallery-1 .gallery-caption {\n\t\t\t\tmargin-left: 0;\n\t\t\t}\n\t\t\t\/* see gallery_shortcode() in wp-includes\/media.php *\/\n\t\t<\/style>\n\t\t<div id='gallery-1' class='gallery galleryid-17000 gallery-columns-3 gallery-size-thumbnail'><dl class='gallery-item'>\n\t\t\t<dt class='gallery-icon landscape'>\n\t\t\t\t<a href='https:\/\/www2.comunitaria.com.br\/en\/ctg-rodeio-da-querencia-empossa-nova-patronagem\/img-20160404-wa0001\/'><img loading=\"lazy\" decoding=\"async\" width=\"150\" height=\"150\" src=\"https:\/\/www2.comunitaria.com.br\/wp-content\/uploads\/2016\/04\/IMG-20160404-WA0001-150x150.jpg\" class=\"attachment-thumbnail size-thumbnail\" alt=\"\" srcset=\"https:\/\/www2.comunitaria.com.br\/wp-content\/uploads\/2016\/04\/IMG-20160404-WA0001-150x150.jpg 150w, https:\/\/www2.comunitaria.com.br\/wp-content\/uploads\/2016\/04\/IMG-20160404-WA0001-65x65.jpg 65w\" sizes=\"auto, (max-width: 150px) 100vw, 150px\" \/><\/a>\n\t\t\t<\/dt><\/dl><dl class='gallery-item'>\n\t\t\t<dt class='gallery-icon landscape'>\n\t\t\t\t<a href='https:\/\/www2.comunitaria.com.br\/en\/ctg-rodeio-da-querencia-empossa-nova-patronagem\/img-20160404-wa0002\/'><img loading=\"lazy\" decoding=\"async\" width=\"150\" height=\"150\" src=\"https:\/\/www2.comunitaria.com.br\/wp-content\/uploads\/2016\/04\/IMG-20160404-WA0002-150x150.jpg\" class=\"attachment-thumbnail size-thumbnail\" alt=\"\" srcset=\"https:\/\/www2.comunitaria.com.br\/wp-content\/uploads\/2016\/04\/IMG-20160404-WA0002-150x150.jpg 150w, https:\/\/www2.comunitaria.com.br\/wp-content\/uploads\/2016\/04\/IMG-20160404-WA0002-65x65.jpg 65w\" sizes=\"auto, (max-width: 150px) 100vw, 150px\" \/><\/a>\n\t\t\t<\/dt><\/dl><dl class='gallery-item'>\n\t\t\t<dt class='gallery-icon landscape'>\n\t\t\t\t<a href='https:\/\/www2.comunitaria.com.br\/en\/ctg-rodeio-da-querencia-empossa-nova-patronagem\/img-20160404-wa0003\/'><img loading=\"lazy\" decoding=\"async\" width=\"150\" height=\"150\" src=\"https:\/\/www2.comunitaria.com.br\/wp-content\/uploads\/2016\/04\/IMG-20160404-WA0003-150x150.jpg\" class=\"attachment-thumbnail size-thumbnail\" alt=\"\" srcset=\"https:\/\/www2.comunitaria.com.br\/wp-content\/uploads\/2016\/04\/IMG-20160404-WA0003-150x150.jpg 150w, https:\/\/www2.comunitaria.com.br\/wp-content\/uploads\/2016\/04\/IMG-20160404-WA0003-65x65.jpg 65w\" sizes=\"auto, (max-width: 150px) 100vw, 150px\" \/><\/a>\n\t\t\t<\/dt><\/dl><br style=\"clear: both\" \/><dl class='gallery-item'>\n\t\t\t<dt class='gallery-icon landscape'>\n\t\t\t\t<a href='https:\/\/www2.comunitaria.com.br\/en\/ctg-rodeio-da-querencia-empossa-nova-patronagem\/img-20160404-wa0007\/'><img loading=\"lazy\" decoding=\"async\" width=\"150\" height=\"150\" src=\"https:\/\/www2.comunitaria.com.br\/wp-content\/uploads\/2016\/04\/IMG-20160404-WA0007-150x150.jpg\" class=\"attachment-thumbnail size-thumbnail\" alt=\"\" srcset=\"https:\/\/www2.comunitaria.com.br\/wp-content\/uploads\/2016\/04\/IMG-20160404-WA0007-150x150.jpg 150w, https:\/\/www2.comunitaria.com.br\/wp-content\/uploads\/2016\/04\/IMG-20160404-WA0007-65x65.jpg 65w\" sizes=\"auto, (max-width: 150px) 100vw, 150px\" \/><\/a>\n\t\t\t<\/dt><\/dl><dl class='gallery-item'>\n\t\t\t<dt class='gallery-icon landscape'>\n\t\t\t\t<a href='https:\/\/www2.comunitaria.com.br\/en\/ctg-rodeio-da-querencia-empossa-nova-patronagem\/img-20160404-wa0009\/'><img loading=\"lazy\" decoding=\"async\" width=\"150\" height=\"150\" src=\"https:\/\/www2.comunitaria.com.br\/wp-content\/uploads\/2016\/04\/IMG-20160404-WA0009-150x150.jpg\" class=\"attachment-thumbnail size-thumbnail\" alt=\"\" srcset=\"https:\/\/www2.comunitaria.com.br\/wp-content\/uploads\/2016\/04\/IMG-20160404-WA0009-150x150.jpg 150w, https:\/\/www2.comunitaria.com.br\/wp-content\/uploads\/2016\/04\/IMG-20160404-WA0009-65x65.jpg 65w\" sizes=\"auto, (max-width: 150px) 100vw, 150px\" \/><\/a>\n\t\t\t<\/dt><\/dl><dl class='gallery-item'>\n\t\t\t<dt class='gallery-icon landscape'>\n\t\t\t\t<a href='https:\/\/www2.comunitaria.com.br\/en\/ctg-rodeio-da-querencia-empossa-nova-patronagem\/img-20160404-wa0013\/'><img loading=\"lazy\" decoding=\"async\" width=\"150\" height=\"150\" src=\"https:\/\/www2.comunitaria.com.br\/wp-content\/uploads\/2016\/04\/IMG-20160404-WA0013-150x150.jpg\" class=\"attachment-thumbnail size-thumbnail\" alt=\"\" srcset=\"https:\/\/www2.comunitaria.com.br\/wp-content\/uploads\/2016\/04\/IMG-20160404-WA0013-150x150.jpg 150w, https:\/\/www2.comunitaria.com.br\/wp-content\/uploads\/2016\/04\/IMG-20160404-WA0013-65x65.jpg 65w\" sizes=\"auto, (max-width: 150px) 100vw, 150px\" \/><\/a>\n\t\t\t<\/dt><\/dl><br style=\"clear: both\" \/><dl class='gallery-item'>\n\t\t\t<dt class='gallery-icon landscape'>\n\t\t\t\t<a href='https:\/\/www2.comunitaria.com.br\/en\/ctg-rodeio-da-querencia-empossa-nova-patronagem\/img-20160404-wa0014\/'><img loading=\"lazy\" decoding=\"async\" width=\"150\" height=\"150\" src=\"https:\/\/www2.comunitaria.com.br\/wp-content\/uploads\/2016\/04\/IMG-20160404-WA0014-150x150.jpg\" class=\"attachment-thumbnail size-thumbnail\" alt=\"\" srcset=\"https:\/\/www2.comunitaria.com.br\/wp-content\/uploads\/2016\/04\/IMG-20160404-WA0014-150x150.jpg 150w, https:\/\/www2.comunitaria.com.br\/wp-content\/uploads\/2016\/04\/IMG-20160404-WA0014-65x65.jpg 65w\" sizes=\"auto, (max-width: 150px) 100vw, 150px\" \/><\/a>\n\t\t\t<\/dt><\/dl><dl class='gallery-item'>\n\t\t\t<dt class='gallery-icon landscape'>\n\t\t\t\t<a href='https:\/\/www2.comunitaria.com.br\/en\/ctg-rodeio-da-querencia-empossa-nova-patronagem\/img-20160404-wa0016\/'><img loading=\"lazy\" decoding=\"async\" width=\"150\" height=\"150\" src=\"https:\/\/www2.comunitaria.com.br\/wp-content\/uploads\/2016\/04\/IMG-20160404-WA0016-150x150.jpg\" class=\"attachment-thumbnail size-thumbnail\" alt=\"\" srcset=\"https:\/\/www2.comunitaria.com.br\/wp-content\/uploads\/2016\/04\/IMG-20160404-WA0016-150x150.jpg 150w, https:\/\/www2.comunitaria.com.br\/wp-content\/uploads\/2016\/04\/IMG-20160404-WA0016-65x65.jpg 65w\" sizes=\"auto, (max-width: 150px) 100vw, 150px\" \/><\/a>\n\t\t\t<\/dt><\/dl><dl class='gallery-item'>\n\t\t\t<dt class='gallery-icon landscape'>\n\t\t\t\t<a href='https:\/\/www2.comunitaria.com.br\/en\/ctg-rodeio-da-querencia-empossa-nova-patronagem\/img-20160404-wa0018\/'><img loading=\"lazy\" decoding=\"async\" width=\"150\" height=\"150\" src=\"https:\/\/www2.comunitaria.com.br\/wp-content\/uploads\/2016\/04\/IMG-20160404-WA0018-150x150.jpg\" class=\"attachment-thumbnail size-thumbnail\" alt=\"\" srcset=\"https:\/\/www2.comunitaria.com.br\/wp-content\/uploads\/2016\/04\/IMG-20160404-WA0018-150x150.jpg 150w, https:\/\/www2.comunitaria.com.br\/wp-content\/uploads\/2016\/04\/IMG-20160404-WA0018-65x65.jpg 65w\" sizes=\"auto, (max-width: 150px) 100vw, 150px\" \/><\/a>\n\t\t\t<\/dt><\/dl><br style=\"clear: both\" \/>\n\t\t<\/div>","protected":false},"excerpt":{"rendered":"<p>Na noite de s\u00e1bado, 2, o Centro de Tradi\u00e7\u00f5es Ga\u00fachas (CTG) Rodeio da Quer\u00eancia de Frederico Westphalen empossou sua nova patronagem. Mais de 450 pessoas participaram da cerim\u00f4nia que contou com a tradicional troca de comando, al\u00e9m de fandango e sorteio de brindes. O novo patr\u00e3o, Sergio Ant\u00f4nio Machado da Luz, destaca que o seu<\/p>\n<div class=\"read-more-wrapper\"><a class=\"read-more\" href=\"https:\/\/www2.comunitaria.com.br\/en\/ctg-rodeio-da-querencia-empossa-nova-patronagem\/\" title=\"Read More\"> <span class=\"button\">Read More<\/span><\/a><\/div>","protected":false},"author":2,"featured_media":17009,"comment_status":"open","ping_status":"closed","sticky":false,"template":"","format":"standard","meta":{"ngg_post_thumbnail":0,"footnotes":""},"categories":[42,100,33,35],"tags":[165,1318,1159,2175,520,1165],"class_list":["post-17000","post","type-post","status-publish","format-standard","has-post-thumbnail","hentry","category-fred-west","category-musica","category-noticias","category-variedades","tag-ctg","tag-ctg-rodeio-da-querencia","tag-musica","tag-patronagem","tag-posse","tag-variedades"],"amp_enabled":true,"_links":{"self":[{"href":"https:\/\/www2.comunitaria.com.br\/en\/wp-json\/wp\/v2\/posts\/17000","targetHints":{"allow":["GET"]}}],"collection":[{"href":"https:\/\/www2.comunitaria.com.br\/en\/wp-json\/wp\/v2\/posts"}],"about":[{"href":"https:\/\/www2.comunitaria.com.br\/en\/wp-json\/wp\/v2\/types\/post"}],"author":[{"embeddable":true,"href":"https:\/\/www2.comunitaria.com.br\/en\/wp-json\/wp\/v2\/users\/2"}],"replies":[{"embeddable":true,"href":"https:\/\/www2.comunitaria.com.br\/en\/wp-json\/wp\/v2\/comments?post=17000"}],"version-history":[{"count":0,"href":"https:\/\/www2.comunitaria.com.br\/en\/wp-json\/wp\/v2\/posts\/17000\/revisions"}],"wp:featuredmedia":[{"embeddable":true,"href":"https:\/\/www2.comunitaria.com.br\/en\/wp-json\/wp\/v2\/media\/17009"}],"wp:attachment":[{"href":"https:\/\/www2.comunitaria.com.br\/en\/wp-json\/wp\/v2\/media?parent=17000"}],"wp:term":[{"taxonomy":"category","embeddable":true,"href":"https:\/\/www2.comunitaria.com.br\/en\/wp-json\/wp\/v2\/categories?post=17000"},{"taxonomy":"post_tag","embeddable":true,"href":"https:\/\/www2.comunitaria.com.br\/en\/wp-json\/wp\/v2\/tags?post=17000"}],"curies":[{"name":"wp","href":"https:\/\/api.w.org\/{rel}","templated":true}]}}