{"id":16919,"date":"2016-03-31T17:07:37","date_gmt":"2016-03-31T19:07:37","guid":{"rendered":"http:\/\/www2.comunitaria.com.br\/?p=16919"},"modified":"2016-04-01T13:38:25","modified_gmt":"2016-04-01T15:38:25","slug":"pedrinho-autopecas-completa-48-anos-no-comercio-frederiquense","status":"publish","type":"post","link":"https:\/\/www2.comunitaria.com.br\/en\/pedrinho-autopecas-completa-48-anos-no-comercio-frederiquense\/","title":{"rendered":"Pedrinho Auto Pe\u00e7as completa 48 anos no com\u00e9rcio Frederiquense"},"content":{"rendered":"<p style=\"text-align: justify;\">Neste dia 31 de mar\u00e7o a empresa Pedrinho Auto Pe\u00e7as completa 48 anos de vendas no com\u00e9rcio frederiquense. Fundada em 1968 por Pedro Zambenedetti, a loja que vende pe\u00e7as e acess\u00f3rios para autom\u00f3veis e caminh\u00f5es atualmente atende 40 munic\u00edpios da regi\u00e3o.<\/p>\n<p style=\"text-align: justify;\">O filho que assumiu os neg\u00f3cios do pai, Walter Zambenedetti, fala sobre a funda\u00e7\u00e3o da loja:<\/p>\n<!--[if lt IE 9]><script>document.createElement('audio');<\/script><![endif]-->\n<audio class=\"wp-audio-shortcode\" id=\"audio-16919-1\" preload=\"none\" style=\"width: 100%;\" controls=\"controls\"><source type=\"audio\/mpeg\" src=\"http:\/\/www2.comunitaria.com.br\/wp-content\/uploads\/2016\/03\/walter-01.mp3?_=1\" \/><a href=\"http:\/\/www2.comunitaria.com.br\/wp-content\/uploads\/2016\/03\/walter-01.mp3\">http:\/\/www2.comunitaria.com.br\/wp-content\/uploads\/2016\/03\/walter-01.mp3<\/a><\/audio>\n<p style=\"text-align: justify;\">Walter tamb\u00e9m\u00a0destaca que a empresa\u00a0foi passada\u00a0de gera\u00e7\u00e3o para gera\u00e7\u00e3o e que os anos de sucesso se devem \u00e0 equipe de funcion\u00e1rios e aos amigos clientes:<\/p>\n<audio class=\"wp-audio-shortcode\" id=\"audio-16919-2\" preload=\"none\" style=\"width: 100%;\" controls=\"controls\"><source type=\"audio\/mpeg\" src=\"http:\/\/www2.comunitaria.com.br\/wp-content\/uploads\/2016\/03\/walter-02.mp3?_=2\" \/><a href=\"http:\/\/www2.comunitaria.com.br\/wp-content\/uploads\/2016\/03\/walter-02.mp3\">http:\/\/www2.comunitaria.com.br\/wp-content\/uploads\/2016\/03\/walter-02.mp3<\/a><\/audio>\n<p>A Pedrinho Auto Pe\u00e7as fica localizada na Rua Jos\u00e9 Ca\u00f1ellas, 56, no Centro de Frederico Westphalen.<\/p>\n\n\t\t<style type=\"text\/css\">\n\t\t\t#gallery-1 {\n\t\t\t\tmargin: auto;\n\t\t\t}\n\t\t\t#gallery-1 .gallery-item {\n\t\t\t\tfloat: left;\n\t\t\t\tmargin-top: 10px;\n\t\t\t\ttext-align: center;\n\t\t\t\twidth: 33%;\n\t\t\t}\n\t\t\t#gallery-1 img {\n\t\t\t\tborder: 2px solid #cfcfcf;\n\t\t\t}\n\t\t\t#gallery-1 .gallery-caption {\n\t\t\t\tmargin-left: 0;\n\t\t\t}\n\t\t\t\/* see gallery_shortcode() in wp-includes\/media.php *\/\n\t\t<\/style>\n\t\t<div id='gallery-1' class='gallery galleryid-16919 gallery-columns-3 gallery-size-thumbnail'><dl class='gallery-item'>\n\t\t\t<dt class='gallery-icon landscape'>\n\t\t\t\t<a href='https:\/\/www2.comunitaria.com.br\/en\/pedrinho-autopecas-completa-48-anos-no-comercio-frederiquense\/dsc_0056-12\/'><img loading=\"lazy\" decoding=\"async\" width=\"150\" height=\"150\" src=\"https:\/\/www2.comunitaria.com.br\/wp-content\/uploads\/2016\/03\/DSC_0056-1-150x150.jpg\" class=\"attachment-thumbnail size-thumbnail\" alt=\"\" aria-describedby=\"gallery-1-16922\" srcset=\"https:\/\/www2.comunitaria.com.br\/wp-content\/uploads\/2016\/03\/DSC_0056-1-150x150.jpg 150w, https:\/\/www2.comunitaria.com.br\/wp-content\/uploads\/2016\/03\/DSC_0056-1-65x65.jpg 65w\" sizes=\"auto, (max-width: 150px) 100vw, 150px\" \/><\/a>\n\t\t\t<\/dt>\n\t\t\t\t<dd class='wp-caption-text gallery-caption' id='gallery-1-16922'>\n\t\t\t\tFoto: Sabrina Ritter\n\t\t\t\t<\/dd><\/dl><dl class='gallery-item'>\n\t\t\t<dt class='gallery-icon landscape'>\n\t\t\t\t<a href='https:\/\/www2.comunitaria.com.br\/en\/pedrinho-autopecas-completa-48-anos-no-comercio-frederiquense\/dsc_0059-17\/'><img loading=\"lazy\" decoding=\"async\" width=\"150\" height=\"150\" src=\"https:\/\/www2.comunitaria.com.br\/wp-content\/uploads\/2016\/03\/DSC_0059-1-150x150.jpg\" class=\"attachment-thumbnail size-thumbnail\" alt=\"\" aria-describedby=\"gallery-1-16923\" srcset=\"https:\/\/www2.comunitaria.com.br\/wp-content\/uploads\/2016\/03\/DSC_0059-1-150x150.jpg 150w, https:\/\/www2.comunitaria.com.br\/wp-content\/uploads\/2016\/03\/DSC_0059-1-65x65.jpg 65w\" sizes=\"auto, (max-width: 150px) 100vw, 150px\" \/><\/a>\n\t\t\t<\/dt>\n\t\t\t\t<dd class='wp-caption-text gallery-caption' id='gallery-1-16923'>\n\t\t\t\tFoto: Sabrina Ritter\n\t\t\t\t<\/dd><\/dl><dl class='gallery-item'>\n\t\t\t<dt class='gallery-icon landscape'>\n\t\t\t\t<a href='https:\/\/www2.comunitaria.com.br\/en\/pedrinho-autopecas-completa-48-anos-no-comercio-frederiquense\/dsc_0060-14\/'><img loading=\"lazy\" decoding=\"async\" width=\"150\" height=\"150\" src=\"https:\/\/www2.comunitaria.com.br\/wp-content\/uploads\/2016\/03\/DSC_0060-2-150x150.jpg\" class=\"attachment-thumbnail size-thumbnail\" alt=\"\" aria-describedby=\"gallery-1-16924\" srcset=\"https:\/\/www2.comunitaria.com.br\/wp-content\/uploads\/2016\/03\/DSC_0060-2-150x150.jpg 150w, https:\/\/www2.comunitaria.com.br\/wp-content\/uploads\/2016\/03\/DSC_0060-2-65x65.jpg 65w\" sizes=\"auto, (max-width: 150px) 100vw, 150px\" \/><\/a>\n\t\t\t<\/dt>\n\t\t\t\t<dd class='wp-caption-text gallery-caption' id='gallery-1-16924'>\n\t\t\t\tFoto: Sabrina Ritter\n\t\t\t\t<\/dd><\/dl><br style=\"clear: both\" \/><dl class='gallery-item'>\n\t\t\t<dt class='gallery-icon landscape'>\n\t\t\t\t<a href='https:\/\/www2.comunitaria.com.br\/en\/pedrinho-autopecas-completa-48-anos-no-comercio-frederiquense\/dsc_0065-17\/'><img loading=\"lazy\" decoding=\"async\" width=\"150\" height=\"150\" src=\"https:\/\/www2.comunitaria.com.br\/wp-content\/uploads\/2016\/03\/DSC_0065-1-150x150.jpg\" class=\"attachment-thumbnail size-thumbnail\" alt=\"\" aria-describedby=\"gallery-1-16925\" srcset=\"https:\/\/www2.comunitaria.com.br\/wp-content\/uploads\/2016\/03\/DSC_0065-1-150x150.jpg 150w, https:\/\/www2.comunitaria.com.br\/wp-content\/uploads\/2016\/03\/DSC_0065-1-65x65.jpg 65w\" sizes=\"auto, (max-width: 150px) 100vw, 150px\" \/><\/a>\n\t\t\t<\/dt>\n\t\t\t\t<dd class='wp-caption-text gallery-caption' id='gallery-1-16925'>\n\t\t\t\tFoto: Sabrina Ritter\n\t\t\t\t<\/dd><\/dl><dl class='gallery-item'>\n\t\t\t<dt class='gallery-icon landscape'>\n\t\t\t\t<a href='https:\/\/www2.comunitaria.com.br\/en\/pedrinho-autopecas-completa-48-anos-no-comercio-frederiquense\/dsc_0066-8\/'><img loading=\"lazy\" decoding=\"async\" width=\"150\" height=\"150\" src=\"https:\/\/www2.comunitaria.com.br\/wp-content\/uploads\/2016\/03\/DSC_0066-150x150.jpg\" class=\"attachment-thumbnail size-thumbnail\" alt=\"\" aria-describedby=\"gallery-1-16926\" srcset=\"https:\/\/www2.comunitaria.com.br\/wp-content\/uploads\/2016\/03\/DSC_0066-150x150.jpg 150w, https:\/\/www2.comunitaria.com.br\/wp-content\/uploads\/2016\/03\/DSC_0066-65x65.jpg 65w\" sizes=\"auto, (max-width: 150px) 100vw, 150px\" \/><\/a>\n\t\t\t<\/dt>\n\t\t\t\t<dd class='wp-caption-text gallery-caption' id='gallery-1-16926'>\n\t\t\t\tFoto: Sabrina Ritter\n\t\t\t\t<\/dd><\/dl><dl class='gallery-item'>\n\t\t\t<dt class='gallery-icon landscape'>\n\t\t\t\t<a href='https:\/\/www2.comunitaria.com.br\/en\/pedrinho-autopecas-completa-48-anos-no-comercio-frederiquense\/12795086_917593248360066_6324421723960073177_o\/'><img loading=\"lazy\" decoding=\"async\" width=\"150\" height=\"150\" src=\"https:\/\/www2.comunitaria.com.br\/wp-content\/uploads\/2016\/03\/12795086_917593248360066_6324421723960073177_o-150x150.jpg\" class=\"attachment-thumbnail size-thumbnail\" alt=\"\" aria-describedby=\"gallery-1-16927\" srcset=\"https:\/\/www2.comunitaria.com.br\/wp-content\/uploads\/2016\/03\/12795086_917593248360066_6324421723960073177_o-150x150.jpg 150w, https:\/\/www2.comunitaria.com.br\/wp-content\/uploads\/2016\/03\/12795086_917593248360066_6324421723960073177_o-65x65.jpg 65w\" sizes=\"auto, (max-width: 150px) 100vw, 150px\" \/><\/a>\n\t\t\t<\/dt>\n\t\t\t\t<dd class='wp-caption-text gallery-caption' id='gallery-1-16927'>\n\t\t\t\tFoto: Divulga\u00e7\u00e3o\n\t\t\t\t<\/dd><\/dl><br style=\"clear: both\" \/>\n\t\t<\/div>\n\n<p style=\"text-align: justify;\">","protected":false},"excerpt":{"rendered":"<p>Neste dia 31 de mar\u00e7o a empresa Pedrinho Auto Pe\u00e7as completa 48 anos de vendas no com\u00e9rcio frederiquense. Fundada em 1968 por Pedro Zambenedetti, a loja que vende pe\u00e7as e acess\u00f3rios para autom\u00f3veis e caminh\u00f5es atualmente atende 40 munic\u00edpios da regi\u00e3o. O filho que assumiu os neg\u00f3cios do pai, Walter Zambenedetti, fala sobre a funda\u00e7\u00e3o<\/p>\n<div class=\"read-more-wrapper\"><a class=\"read-more\" href=\"https:\/\/www2.comunitaria.com.br\/en\/pedrinho-autopecas-completa-48-anos-no-comercio-frederiquense\/\" title=\"Read More\"> <span class=\"button\">Read More<\/span><\/a><\/div>","protected":false},"author":2,"featured_media":16925,"comment_status":"open","ping_status":"closed","sticky":false,"template":"","format":"standard","meta":{"ngg_post_thumbnail":0,"footnotes":""},"categories":[42,28,33,35],"tags":[482,410,82,2677,1165],"class_list":["post-16919","post","type-post","status-publish","format-standard","has-post-thumbnail","hentry","category-fred-west","category-destaque","category-noticias","category-variedades","tag-aniversario","tag-comercio","tag-frederico-westphalen","tag-pedrinho-autopecas","tag-variedades"],"amp_enabled":true,"_links":{"self":[{"href":"https:\/\/www2.comunitaria.com.br\/en\/wp-json\/wp\/v2\/posts\/16919","targetHints":{"allow":["GET"]}}],"collection":[{"href":"https:\/\/www2.comunitaria.com.br\/en\/wp-json\/wp\/v2\/posts"}],"about":[{"href":"https:\/\/www2.comunitaria.com.br\/en\/wp-json\/wp\/v2\/types\/post"}],"author":[{"embeddable":true,"href":"https:\/\/www2.comunitaria.com.br\/en\/wp-json\/wp\/v2\/users\/2"}],"replies":[{"embeddable":true,"href":"https:\/\/www2.comunitaria.com.br\/en\/wp-json\/wp\/v2\/comments?post=16919"}],"version-history":[{"count":0,"href":"https:\/\/www2.comunitaria.com.br\/en\/wp-json\/wp\/v2\/posts\/16919\/revisions"}],"wp:featuredmedia":[{"embeddable":true,"href":"https:\/\/www2.comunitaria.com.br\/en\/wp-json\/wp\/v2\/media\/16925"}],"wp:attachment":[{"href":"https:\/\/www2.comunitaria.com.br\/en\/wp-json\/wp\/v2\/media?parent=16919"}],"wp:term":[{"taxonomy":"category","embeddable":true,"href":"https:\/\/www2.comunitaria.com.br\/en\/wp-json\/wp\/v2\/categories?post=16919"},{"taxonomy":"post_tag","embeddable":true,"href":"https:\/\/www2.comunitaria.com.br\/en\/wp-json\/wp\/v2\/tags?post=16919"}],"curies":[{"name":"wp","href":"https:\/\/api.w.org\/{rel}","templated":true}]}}