{"id":16890,"date":"2016-03-31T11:38:43","date_gmt":"2016-03-31T13:38:43","guid":{"rendered":"http:\/\/www2.comunitaria.com.br\/?p=16890"},"modified":"2016-03-31T11:38:43","modified_gmt":"2016-03-31T13:38:43","slug":"previsao-do-tempo-quinta-feira-de-sol-e-nuvens-em-fw","status":"publish","type":"post","link":"https:\/\/www2.comunitaria.com.br\/en\/previsao-do-tempo-quinta-feira-de-sol-e-nuvens-em-fw\/","title":{"rendered":"Previs\u00e3o do tempo: quinta-feira de sol e nuvens em FW"},"content":{"rendered":"<p style=\"text-align: justify;\">A quinta-feira ter\u00e1 a presen\u00e7a do sol em todas as regi\u00f5es do Rio Grande do Sul ao longo do dia. Ar mais quente de origem tropical ingressa a partir do norte.<\/p>\n<p style=\"text-align: justify;\">Em Frederico Westphalen, o dia ser\u00e1 se sol e nuvens com marcas agrad\u00e1veis de manh\u00e3 e calor durante a tarde.<\/p>\n<p style=\"text-align: justify;\">Para amanh\u00e3, s\u00e3o esperadas condi\u00e7\u00f5es clim\u00e1ticas semelhantes.<\/p>\n<p style=\"text-align: justify;\">Confira a previs\u00e3o do tempo completa:<\/p>\n<!--[if lt IE 9]><script>document.createElement('audio');<\/script><![endif]-->\n<audio class=\"wp-audio-shortcode\" id=\"audio-16890-1\" preload=\"none\" style=\"width: 100%;\" controls=\"controls\"><source type=\"audio\/mpeg\" src=\"http:\/\/www2.comunitaria.com.br\/wp-content\/uploads\/2016\/03\/previs\u00e3o-ok-18.mp3?_=1\" \/><a href=\"http:\/\/www2.comunitaria.com.br\/wp-content\/uploads\/2016\/03\/previs\u00e3o-ok-18.mp3\">http:\/\/www2.comunitaria.com.br\/wp-content\/uploads\/2016\/03\/previs\u00e3o-ok-18.mp3<\/a><\/audio>","protected":false},"excerpt":{"rendered":"<p>A quinta-feira ter\u00e1 a presen\u00e7a do sol em todas as regi\u00f5es do Rio Grande do Sul ao longo do dia. Ar mais quente de origem tropical ingressa a partir do norte. Em Frederico Westphalen, o dia ser\u00e1 se sol e nuvens com marcas agrad\u00e1veis de manh\u00e3 e calor durante a tarde. Para amanh\u00e3, s\u00e3o esperadas<\/p>\n<div class=\"read-more-wrapper\"><a class=\"read-more\" href=\"https:\/\/www2.comunitaria.com.br\/en\/previsao-do-tempo-quinta-feira-de-sol-e-nuvens-em-fw\/\" title=\"Read More\"> <span class=\"button\">Read More<\/span><\/a><\/div>","protected":false},"author":2,"featured_media":16892,"comment_status":"open","ping_status":"closed","sticky":false,"template":"","format":"standard","meta":{"ngg_post_thumbnail":0,"footnotes":""},"categories":[51,46,42,33,145,43],"tags":[82,179,86,1192],"class_list":["post-16890","post","type-post","status-publish","format-standard","has-post-thumbnail","hentry","category-audio","category-estado","category-fred-west","category-noticias","category-previsao-do-tempo","category-regiao","tag-frederico-westphalen","tag-previsao-do-tempo-2","tag-regiao-2","tag-rio-grande-do-sul"],"amp_enabled":true,"_links":{"self":[{"href":"https:\/\/www2.comunitaria.com.br\/en\/wp-json\/wp\/v2\/posts\/16890","targetHints":{"allow":["GET"]}}],"collection":[{"href":"https:\/\/www2.comunitaria.com.br\/en\/wp-json\/wp\/v2\/posts"}],"about":[{"href":"https:\/\/www2.comunitaria.com.br\/en\/wp-json\/wp\/v2\/types\/post"}],"author":[{"embeddable":true,"href":"https:\/\/www2.comunitaria.com.br\/en\/wp-json\/wp\/v2\/users\/2"}],"replies":[{"embeddable":true,"href":"https:\/\/www2.comunitaria.com.br\/en\/wp-json\/wp\/v2\/comments?post=16890"}],"version-history":[{"count":0,"href":"https:\/\/www2.comunitaria.com.br\/en\/wp-json\/wp\/v2\/posts\/16890\/revisions"}],"wp:featuredmedia":[{"embeddable":true,"href":"https:\/\/www2.comunitaria.com.br\/en\/wp-json\/wp\/v2\/media\/16892"}],"wp:attachment":[{"href":"https:\/\/www2.comunitaria.com.br\/en\/wp-json\/wp\/v2\/media?parent=16890"}],"wp:term":[{"taxonomy":"category","embeddable":true,"href":"https:\/\/www2.comunitaria.com.br\/en\/wp-json\/wp\/v2\/categories?post=16890"},{"taxonomy":"post_tag","embeddable":true,"href":"https:\/\/www2.comunitaria.com.br\/en\/wp-json\/wp\/v2\/tags?post=16890"}],"curies":[{"name":"wp","href":"https:\/\/api.w.org\/{rel}","templated":true}]}}