{"id":16847,"date":"2016-03-29T18:43:32","date_gmt":"2016-03-29T20:43:32","guid":{"rendered":"http:\/\/www2.comunitaria.com.br\/?p=16847"},"modified":"2016-03-29T18:44:50","modified_gmt":"2016-03-29T20:44:50","slug":"associacao-cultural-atena-realizara-diversas-atividades-na-primeira-semana-de-abril","status":"publish","type":"post","link":"https:\/\/www2.comunitaria.com.br\/en\/associacao-cultural-atena-realizara-diversas-atividades-na-primeira-semana-de-abril\/","title":{"rendered":"Associa\u00e7\u00e3o Cultural Atena realizar\u00e1 diversas atividades na primeira semana de abril"},"content":{"rendered":"<p style=\"text-align: justify;\">A Associa\u00e7\u00e3o Cultural Atena divulgou seu cronograma de atividades para a primeira semana do m\u00eas de abril.<\/p>\n<p style=\"text-align: justify;\">No s\u00e1bado, dia 02, ser\u00e1 realizada a Assembleia Geral Ordin\u00e1ria da associa\u00e7\u00e3o, onde ser\u00e1 apresentada a presta\u00e7\u00e3o de contas do ano de 2015 e ser\u00e1 posto em vota\u00e7\u00e3o a inclus\u00e3o dos novos associados, al\u00e9m de assuntos gerais. A reuni\u00e3o ter\u00e1 in\u00edcio \u00e0s 15h, na sede da ACA, Rua Tenente Portela, n\u00famero 789\/401, Centro de Frederico Westphalen.<\/p>\n<p style=\"text-align: justify;\">Tamb\u00e9m no s\u00e1bado, \u00e0s 18h, haver\u00e1 a apresenta\u00e7\u00e3o do teatro \u201cO Julgamento de S\u00f3crates e o Contexto Pol\u00edtico Atual\u201d, realizado pelos formando do curso de filosofia ateniense. A apresenta\u00e7\u00e3o ser\u00e1 realizada na Escola Cardeal Roncalli, com entrada franca.<\/p>\n<p style=\"text-align: justify;\">A formatura da 11\u00aa turma de Folosofia Ateniense ser\u00e1 no domingo, dia 03. A cerim\u00f4nia inicia \u00e0s 18h na sede da ACA e se encerra \u00e0s 22h, quando os formando celebrar\u00e3o com amigos e familiares.<\/p>\n<p style=\"text-align: justify;\">A segunda-feira ser\u00e1 marcada por medita\u00e7\u00e3o. \u00c0s 18h haver\u00e1 a medita\u00e7\u00e3o ateniense, realizada toda a semana, que busca entrar em sintonia com a ess\u00eancia de cada um o o p\u00f4r do sol. J\u00e1 \u00e0s 20h ser\u00e1 a vez da medita\u00e7\u00e3o frequencial, realizada mensalmente na primeira segunda do m\u00eas, e busca a integra\u00e7\u00e3o e sintonia com as energias ao redor.<\/p>\n<p style=\"text-align: justify;\">Na ter\u00e7a, dia 05 de abril, ser\u00e1 a aula de abertura da 12\u00aa turma de Filosofia Ateniense. O curso ocorre todas as ter\u00e7as-feiras ao longo do ano e tem carga hor\u00e1ria de 80 horas. A 13\u00aa turma ter\u00e1 aula todas as quartas-feiras, sendo a primeira no dia 06.<\/p>\n<p style=\"text-align: justify;\">Os interessados em participar podem entrar em contato pelo e-mail atenafw@gmail.com ou pelo Whatsapp 055 9995-3811.<\/p>\n<p style=\"text-align: justify;\">","protected":false},"excerpt":{"rendered":"<p>A Associa\u00e7\u00e3o Cultural Atena divulgou seu cronograma de atividades para a primeira semana do m\u00eas de abril. No s\u00e1bado, dia 02, ser\u00e1 realizada a Assembleia Geral Ordin\u00e1ria da associa\u00e7\u00e3o, onde&#8230;<\/p>","protected":false},"author":2,"featured_media":16849,"comment_status":"open","ping_status":"closed","sticky":false,"template":"","format":"standard","meta":{"ngg_post_thumbnail":0,"footnotes":""},"categories":[42,33,35],"tags":[2520,262,2354,1876,1020,1165],"class_list":["post-16847","post","type-post","status-publish","format-standard","has-post-thumbnail","hentry","category-fred-west","category-noticias","category-variedades","tag-aca","tag-assembleia","tag-associacao-cultural-atena","tag-atividades","tag-curso","tag-variedades"],"amp_enabled":true,"_links":{"self":[{"href":"https:\/\/www2.comunitaria.com.br\/en\/wp-json\/wp\/v2\/posts\/16847","targetHints":{"allow":["GET"]}}],"collection":[{"href":"https:\/\/www2.comunitaria.com.br\/en\/wp-json\/wp\/v2\/posts"}],"about":[{"href":"https:\/\/www2.comunitaria.com.br\/en\/wp-json\/wp\/v2\/types\/post"}],"author":[{"embeddable":true,"href":"https:\/\/www2.comunitaria.com.br\/en\/wp-json\/wp\/v2\/users\/2"}],"replies":[{"embeddable":true,"href":"https:\/\/www2.comunitaria.com.br\/en\/wp-json\/wp\/v2\/comments?post=16847"}],"version-history":[{"count":0,"href":"https:\/\/www2.comunitaria.com.br\/en\/wp-json\/wp\/v2\/posts\/16847\/revisions"}],"wp:featuredmedia":[{"embeddable":true,"href":"https:\/\/www2.comunitaria.com.br\/en\/wp-json\/wp\/v2\/media\/16849"}],"wp:attachment":[{"href":"https:\/\/www2.comunitaria.com.br\/en\/wp-json\/wp\/v2\/media?parent=16847"}],"wp:term":[{"taxonomy":"category","embeddable":true,"href":"https:\/\/www2.comunitaria.com.br\/en\/wp-json\/wp\/v2\/categories?post=16847"},{"taxonomy":"post_tag","embeddable":true,"href":"https:\/\/www2.comunitaria.com.br\/en\/wp-json\/wp\/v2\/tags?post=16847"}],"curies":[{"name":"wp","href":"https:\/\/api.w.org\/{rel}","templated":true}]}}