{"id":16570,"date":"2016-03-22T10:08:31","date_gmt":"2016-03-22T12:08:31","guid":{"rendered":"http:\/\/www2.comunitaria.com.br\/?p=16570"},"modified":"2016-03-22T10:08:31","modified_gmt":"2016-03-22T12:08:31","slug":"urifw-lanca-selecao-para-o-mestrado-em-educacao","status":"publish","type":"post","link":"https:\/\/www2.comunitaria.com.br\/en\/urifw-lanca-selecao-para-o-mestrado-em-educacao\/","title":{"rendered":"URI\/FW lan\u00e7a sele\u00e7\u00e3o para o Mestrado em Educa\u00e7\u00e3o"},"content":{"rendered":"<div class=\"descricao\">\n<p style=\"text-align: justify;\">A URI, campus Frederico Westphalen, lan\u00e7ou o edital para processo seletivo do Mestrado em Educa\u00e7\u00e3o.<\/p>\n<p style=\"text-align: justify;\">As inscri\u00e7\u00f5es ser\u00e3o realizadas do dia 29 de abril a 30 de maio, na Secretaria de P\u00f3s-Gradua\u00e7\u00e3o em Educa\u00e7\u00e3o, pr\u00e9dio 8, sala 109 da URI\/FW. O hor\u00e1rio de atendimento \u00e9 de segunda a sexta-feira, das 8h30min \u00e0s 11h30min e das 13h30min \u00e0s 17h. O valor da inscri\u00e7\u00e3o \u00e9 de R$238 e, mediante dep\u00f3sito, ela tamb\u00e9m pode ser realizada via Sedex.<\/p>\n<\/div>\n<p style=\"text-align: justify;\">S\u00e3o 16 vagas e a turma ter\u00e1 in\u00edcio no segundo semestre de 2016.<\/p>\n<p style=\"text-align: justify;\">A \u00e1rea de concentra\u00e7\u00e3o do Programa de P\u00f3s-Gradua\u00e7\u00e3o \u00e9 Educa\u00e7\u00e3o, nas linhas de pesquisa &#8220;Forma\u00e7\u00e3o de Professores e Pr\u00e1ticas Educativas&#8221; e &#8220;Pol\u00edticas P\u00fablicas e Gest\u00e3o da Educa\u00e7\u00e3o&#8221;.<\/p>\n<div class=\"descricao\">\n<p style=\"text-align: justify;\">Para mais informa\u00e7\u00f5es entre em contato pelo telefone (55) 3744-9285 ou no (55) 3744-9200 ramal 311.<\/p>\n<p style=\"text-align: justify;\">O edital pode ser conferido <a href=\"http:\/\/www.fw.uri.br\/NewArquivos\/editais\/555.pdf\"><strong>AQUI.<\/strong><\/a><\/p>\n<\/div>","protected":false},"excerpt":{"rendered":"<p>A URI, campus Frederico Westphalen, lan\u00e7ou o edital para processo seletivo do Mestrado em Educa\u00e7\u00e3o. As inscri\u00e7\u00f5es ser\u00e3o realizadas do dia 29 de abril a 30 de maio, na Secretaria de P\u00f3s-Gradua\u00e7\u00e3o em Educa\u00e7\u00e3o, pr\u00e9dio 8, sala 109 da URI\/FW. O hor\u00e1rio de atendimento \u00e9 de segunda a sexta-feira, das 8h30min \u00e0s 11h30min e das<\/p>\n<div class=\"read-more-wrapper\"><a class=\"read-more\" href=\"https:\/\/www2.comunitaria.com.br\/en\/urifw-lanca-selecao-para-o-mestrado-em-educacao\/\" title=\"Read More\"> <span class=\"button\">Read More<\/span><\/a><\/div>","protected":false},"author":2,"featured_media":16571,"comment_status":"open","ping_status":"closed","sticky":false,"template":"","format":"standard","meta":{"ngg_post_thumbnail":0,"footnotes":""},"categories":[44,42,33],"tags":[413,82,2200,1920,141],"class_list":["post-16570","post","type-post","status-publish","format-standard","has-post-thumbnail","hentry","category-educacao","category-fred-west","category-noticias","tag-educacao-2","tag-frederico-westphalen","tag-mestrado","tag-selecao","tag-uri"],"amp_enabled":true,"_links":{"self":[{"href":"https:\/\/www2.comunitaria.com.br\/en\/wp-json\/wp\/v2\/posts\/16570","targetHints":{"allow":["GET"]}}],"collection":[{"href":"https:\/\/www2.comunitaria.com.br\/en\/wp-json\/wp\/v2\/posts"}],"about":[{"href":"https:\/\/www2.comunitaria.com.br\/en\/wp-json\/wp\/v2\/types\/post"}],"author":[{"embeddable":true,"href":"https:\/\/www2.comunitaria.com.br\/en\/wp-json\/wp\/v2\/users\/2"}],"replies":[{"embeddable":true,"href":"https:\/\/www2.comunitaria.com.br\/en\/wp-json\/wp\/v2\/comments?post=16570"}],"version-history":[{"count":0,"href":"https:\/\/www2.comunitaria.com.br\/en\/wp-json\/wp\/v2\/posts\/16570\/revisions"}],"wp:featuredmedia":[{"embeddable":true,"href":"https:\/\/www2.comunitaria.com.br\/en\/wp-json\/wp\/v2\/media\/16571"}],"wp:attachment":[{"href":"https:\/\/www2.comunitaria.com.br\/en\/wp-json\/wp\/v2\/media?parent=16570"}],"wp:term":[{"taxonomy":"category","embeddable":true,"href":"https:\/\/www2.comunitaria.com.br\/en\/wp-json\/wp\/v2\/categories?post=16570"},{"taxonomy":"post_tag","embeddable":true,"href":"https:\/\/www2.comunitaria.com.br\/en\/wp-json\/wp\/v2\/tags?post=16570"}],"curies":[{"name":"wp","href":"https:\/\/api.w.org\/{rel}","templated":true}]}}