{"id":1647,"date":"2014-12-23T09:25:03","date_gmt":"2014-12-23T11:25:03","guid":{"rendered":"http:\/\/www2.comunitaria.com.br\/?p=1647"},"modified":"2014-12-24T10:33:56","modified_gmt":"2014-12-24T12:33:56","slug":"exclusao-de-secretarias-no-governo-sartori-nao-vai-gerar-economia","status":"publish","type":"post","link":"https:\/\/www2.comunitaria.com.br\/en\/exclusao-de-secretarias-no-governo-sartori-nao-vai-gerar-economia\/","title":{"rendered":"Exclus\u00e3o de secretarias no governo Sartori n\u00e3o vai gerar economia"},"content":{"rendered":"<p style=\"text-align: justify;\">Foi aprovado pela Assembleia Legislativa na tarde desta segunda-feira o enxugamento nas secretarias do Estado. Proposto pelo futuro governador Jos\u00e9 Ivo Sartori\u00a0(PMDB), o projeto reduz de 27 para 19 o n\u00famero de pastas no primeiro escal\u00e3o.<\/p>\n<p style=\"text-align: justify;\">O texto aprovado pelos deputados ga\u00fachos \u00e0 v\u00e9spera do recesso parlamentar prev\u00ea a fus\u00e3o de cinco secretarias e a extin\u00e7\u00e3o de outras seis. Foram\u00a029 votos a favor e 14 contr\u00e1rios. Frente \u00e0 crise financeira do Estado, o objetivo do projeto \u00e9 a diminui\u00e7\u00e3o do corte de gastos do Executivo.<\/p>\n<p style=\"text-align: justify;\">Os deputados debateram por mais de tr\u00eas horas o projeto, que foi aprovado sem emendas. Uma das emendas previa, por exemplo, a manuten\u00e7\u00e3o da\u00a0Secretaria de Pol\u00edticas para as Mulheres (SPM). No entanto a secretaria foi extinta e as a\u00e7\u00f5es de pol\u00edticas para as mulheres ser\u00e1 atribui\u00e7\u00e3o do gabinete da Primeira Dama do Estado a deputada Maria Helena Sartori (PMDB).<\/p>\n<p style=\"text-align: justify;\">No entanto nenhum deputado do PMDB ou daqueles que integrar\u00e3o a futura base ocupou a tribuna para defender o projeto. A deputada Maria Helena Sartori (PMDB), esposa do futuro governador, o futuro chefe da Casa Civil, deputado M\u00e1rcio Biolchi, e seu colega Giovani Feltes, que comandar\u00e1 a Secretaria da Fazenda, n\u00e3o compareceram \u00e0 sess\u00e3o.<\/p>\n<p style=\"text-align: justify;\">Entidades e organiza\u00e7\u00f5es vinculadas \u00e0 defesa dos direitos da mulher lotaram as galerias do plen\u00e1rio para protestar e pressionar pela manuten\u00e7\u00e3o da pasta. A bancada petista, que possui o maior n\u00famero de deputados (14), se revezou na tribuna protestando contra o texto, protelando a vota\u00e7\u00e3o. Um dos discursos mais fortes foi da Deputada Ana Afonso.<\/p>\n<audio class=\"wp-audio-shortcode\" id=\"audio-1647-1\" preload=\"none\" style=\"width: 100%;\" controls=\"controls\"><source type=\"audio\/mpeg\" src=\"http:\/\/www2.comunitaria.com.br\/wp-content\/uploads\/2014\/12\/AFONSO.mp3?_=1\" \/><a href=\"http:\/\/www2.comunitaria.com.br\/wp-content\/uploads\/2014\/12\/AFONSO.mp3\">http:\/\/www2.comunitaria.com.br\/wp-content\/uploads\/2014\/12\/AFONSO.mp3<\/a><\/audio>\n<p style=\"text-align: justify;\"><strong>Permanecem<\/strong><br \/>\nAgricultura e Pecu\u00e1ria<br \/>\nAmbiente e Desenvolvimento Sustent\u00e1vel<br \/>\nCasa Civil<br \/>\nCultura<br \/>\nDesenvolvimento Rural e Cooperativismo<br \/>\nEduca\u00e7\u00e3o<br \/>\nFazenda<br \/>\nGeral de Governo<br \/>\nJusti\u00e7a e dos Direitos Humanos<br \/>\nPlanejamento e Desenvolvimento Regional<br \/>\nSa\u00fade<br \/>\nSeguran\u00e7a P\u00fablica<br \/>\nTrabalho e Desenvolvimento Social<\/p>\n<p style=\"text-align: justify;\"><strong>Desmembramento<\/strong><br \/>\nInfraestrutura ser\u00e1 desmembrada em Transportes e Mobilidade e Minas e Energia<\/p>\n<p style=\"text-align: justify;\"><strong>Nova denomina\u00e7\u00e3o<\/strong><br \/>\nModerniza\u00e7\u00e3o Administrativa e Recursos Humanos<\/p>\n<p style=\"text-align: justify;\"><strong>Extin\u00e7\u00f5es<\/strong><br \/>\nGabinete dos Prefeitos<br \/>\nConselh\u00e3o<br \/>\nEconomia Solid\u00e1ria<br \/>\nAssessoria Superior do Governador<br \/>\nPol\u00edticas para Mulheres<\/p>\n<p style=\"text-align: justify;\">No entanto o \u201cenxugamento de secretarias\u201d n\u00e3o ir\u00e1 diminuir os custos do governo, pelo contr\u00e1rio ir\u00e1 aumentar. Aprovado na Assembleia Legislativa na ultima semana\u00a0o projeto que concede aumento nos sal\u00e1rios dos 55 deputados estaduais, do governador e do vice do Estado.\u00a0Os novos valores passam a valer para a pr\u00f3xima legislatura.<\/p>\n<p style=\"text-align: justify;\">O reajuste eleva os vencimentos do governador e dos deputados estaduais para R$ 25,3 mil. At\u00e9 ent\u00e3o, o chefe do Executivo ganhava R$ 17,3 mil por m\u00eas contra R$ 20,2 mil dos parlamentares. Por lei, o sal\u00e1rio dos parlamentares ga\u00fachos corresponde a 75% do que recebe um deputado federal. J\u00e1 os secret\u00e1rios de Estado e o vice-governador, que recebiam R$ 11,5 mil, passam a receber R$ 18,9 mil.<\/p>\n<p>Levando em considera\u00e7\u00e3o as 19 secret\u00e1rias do futuro governo e os vencimentos dos 55 deputados, do governador e do vice, e incluindo o 13\u00b0 sal\u00e1rio, o gasto anual para os cofres p\u00fablicos pode aumentar em R$ 3 milh\u00f5es, chegando a R$ 23 milh\u00f5es. Hoje, com 26 secretarias, a folha gira em torno de R$ 20 milh\u00f5es por ano.<\/p>","protected":false},"excerpt":{"rendered":"<p>Foi aprovado pela Assembleia Legislativa na tarde desta segunda-feira o enxugamento nas secretarias do Estado. Proposto pelo futuro governador Jos\u00e9 Ivo Sartori\u00a0(PMDB), o projeto reduz de 27 para 19 o&#8230;<\/p>","protected":false},"author":2,"featured_media":1649,"comment_status":"open","ping_status":"closed","sticky":false,"template":"","format":"standard","meta":{"ngg_post_thumbnail":0,"footnotes":""},"categories":[51,39,46,28,33,38],"tags":[262,393,102,449],"class_list":["post-1647","post","type-post","status-publish","format-standard","has-post-thumbnail","hentry","category-audio","category-economia","category-estado","category-destaque","category-noticias","category-politica","tag-assembleia","tag-governo-do-estado","tag-sartori","tag-secretaria"],"amp_enabled":true,"_links":{"self":[{"href":"https:\/\/www2.comunitaria.com.br\/en\/wp-json\/wp\/v2\/posts\/1647","targetHints":{"allow":["GET"]}}],"collection":[{"href":"https:\/\/www2.comunitaria.com.br\/en\/wp-json\/wp\/v2\/posts"}],"about":[{"href":"https:\/\/www2.comunitaria.com.br\/en\/wp-json\/wp\/v2\/types\/post"}],"author":[{"embeddable":true,"href":"https:\/\/www2.comunitaria.com.br\/en\/wp-json\/wp\/v2\/users\/2"}],"replies":[{"embeddable":true,"href":"https:\/\/www2.comunitaria.com.br\/en\/wp-json\/wp\/v2\/comments?post=1647"}],"version-history":[{"count":0,"href":"https:\/\/www2.comunitaria.com.br\/en\/wp-json\/wp\/v2\/posts\/1647\/revisions"}],"wp:featuredmedia":[{"embeddable":true,"href":"https:\/\/www2.comunitaria.com.br\/en\/wp-json\/wp\/v2\/media\/1649"}],"wp:attachment":[{"href":"https:\/\/www2.comunitaria.com.br\/en\/wp-json\/wp\/v2\/media?parent=1647"}],"wp:term":[{"taxonomy":"category","embeddable":true,"href":"https:\/\/www2.comunitaria.com.br\/en\/wp-json\/wp\/v2\/categories?post=1647"},{"taxonomy":"post_tag","embeddable":true,"href":"https:\/\/www2.comunitaria.com.br\/en\/wp-json\/wp\/v2\/tags?post=1647"}],"curies":[{"name":"wp","href":"https:\/\/api.w.org\/{rel}","templated":true}]}}