{"id":1644,"date":"2014-12-23T06:13:52","date_gmt":"2014-12-23T08:13:52","guid":{"rendered":"http:\/\/www2.comunitaria.com.br\/?p=1644"},"modified":"2014-12-23T06:43:09","modified_gmt":"2014-12-23T08:43:09","slug":"jogador-argentino-e-o-novo-reforco-do-uniao","status":"publish","type":"post","link":"https:\/\/www2.comunitaria.com.br\/en\/jogador-argentino-e-o-novo-reforco-do-uniao\/","title":{"rendered":"Jogador Argentino \u00e9 o novo refor\u00e7o do Uni\u00e3o"},"content":{"rendered":"<p style=\"text-align: justify;\">O Uni\u00e3o Frederiquense acaba de anunciar o primeiro jogador estrangeiro da hist\u00f3ria do clube. O refor\u00e7o vem da Argentina. Trata-se do meia Patricio Jorge, 21 anos, conhecido como Patito.<\/p>\n<p style=\"text-align: justify;\">Natural de General Juan Madariaga, o jogador tem passagens por v\u00e1rios clubes argentinos, inclusive a base do\u00a0River Plate. Essa \u00e9 a primeira passagem do jogador pelo futebol brasileiro e uma aposta do Uni\u00e3o Frederiquense para o Gauch\u00e3o 2015. Patito ir\u00e1 se apresentar no Vermelh\u00e3o da Colina no dia 2 de janeiro.<\/p>\n<p style=\"text-align: justify;\"><strong>Ficha t\u00e9cnica:<\/strong><\/p>\n<p style=\"text-align: justify;\"><strong>Nome<\/strong>: Patricio Jorge<br \/>\n<strong>Naturalidade<\/strong>: General Juan Madariaga (Argentina)<br \/>\n<strong>Idade<\/strong>: 21 anos<br \/>\n<strong>Posi\u00e7\u00e3o<\/strong>: Meia<br \/>\n<strong>Altura<\/strong>: 1,80m<br \/>\n<strong>Peso<\/strong>: 75kg<br \/>\n<strong>Clubes<\/strong>: River Plate-ARG (base), Los Andes-ARG, Lan\u00fas-ARG e Deportivo Defensores Del Mar-ARG<\/p>\n<p style=\"text-align: justify;\"><em>A.I\/Uni\u00e3o<\/em><\/p>","protected":false},"excerpt":{"rendered":"<p>O Uni\u00e3o Frederiquense acaba de anunciar o primeiro jogador estrangeiro da hist\u00f3ria do clube. O refor\u00e7o vem da Argentina. Trata-se do meia Patricio Jorge, 21 anos, conhecido como Patito. Natural&#8230;<\/p>","protected":false},"author":2,"featured_media":1645,"comment_status":"open","ping_status":"closed","sticky":false,"template":"","format":"standard","meta":{"ngg_post_thumbnail":0,"footnotes":""},"categories":[34,33,48],"tags":[454,124,453,171],"class_list":["post-1644","post","type-post","status-publish","format-standard","has-post-thumbnail","hentry","category-esportes","category-noticias","category-uniao-frederiquense","tag-argentino","tag-gauchao-2015","tag-reforco","tag-uniao"],"amp_enabled":true,"_links":{"self":[{"href":"https:\/\/www2.comunitaria.com.br\/en\/wp-json\/wp\/v2\/posts\/1644","targetHints":{"allow":["GET"]}}],"collection":[{"href":"https:\/\/www2.comunitaria.com.br\/en\/wp-json\/wp\/v2\/posts"}],"about":[{"href":"https:\/\/www2.comunitaria.com.br\/en\/wp-json\/wp\/v2\/types\/post"}],"author":[{"embeddable":true,"href":"https:\/\/www2.comunitaria.com.br\/en\/wp-json\/wp\/v2\/users\/2"}],"replies":[{"embeddable":true,"href":"https:\/\/www2.comunitaria.com.br\/en\/wp-json\/wp\/v2\/comments?post=1644"}],"version-history":[{"count":0,"href":"https:\/\/www2.comunitaria.com.br\/en\/wp-json\/wp\/v2\/posts\/1644\/revisions"}],"wp:featuredmedia":[{"embeddable":true,"href":"https:\/\/www2.comunitaria.com.br\/en\/wp-json\/wp\/v2\/media\/1645"}],"wp:attachment":[{"href":"https:\/\/www2.comunitaria.com.br\/en\/wp-json\/wp\/v2\/media?parent=1644"}],"wp:term":[{"taxonomy":"category","embeddable":true,"href":"https:\/\/www2.comunitaria.com.br\/en\/wp-json\/wp\/v2\/categories?post=1644"},{"taxonomy":"post_tag","embeddable":true,"href":"https:\/\/www2.comunitaria.com.br\/en\/wp-json\/wp\/v2\/tags?post=1644"}],"curies":[{"name":"wp","href":"https:\/\/api.w.org\/{rel}","templated":true}]}}