{"id":16409,"date":"2016-03-17T11:22:52","date_gmt":"2016-03-17T13:22:52","guid":{"rendered":"http:\/\/www2.comunitaria.com.br\/?p=16409"},"modified":"2016-03-17T11:22:52","modified_gmt":"2016-03-17T13:22:52","slug":"previsao-do-tempo-sol-e-calor-permanecem-pelo-menos-ate-domingo","status":"publish","type":"post","link":"https:\/\/www2.comunitaria.com.br\/en\/previsao-do-tempo-sol-e-calor-permanecem-pelo-menos-ate-domingo\/","title":{"rendered":"Previs\u00e3o do tempo: sol e calor permanecem pelo menos at\u00e9 domingo"},"content":{"rendered":"<p style=\"text-align: justify;\">A quinta-feira tem predom\u00ednio de sol e a tarde ser\u00e1 de forte calor. Os dias quentes seguem at\u00e9 o fim de semana, quando ocorre uma forte mudan\u00e7a nas condi\u00e7\u00f5es do tempo.<\/p>\n<p style=\"text-align: justify;\">Em Frederico Westphalen a previs\u00e3o \u00e9 de sol e temperaturas elevadas a tarde, com m\u00e1xima passando dos 30\u00b0C.<\/p>\n<p style=\"text-align: justify;\">Confira a previs\u00e3o do tempo completa:<\/p>\n<!--[if lt IE 9]><script>document.createElement('audio');<\/script><![endif]-->\n<audio class=\"wp-audio-shortcode\" id=\"audio-16409-1\" preload=\"none\" style=\"width: 100%;\" controls=\"controls\"><source type=\"audio\/mpeg\" src=\"http:\/\/www2.comunitaria.com.br\/wp-content\/uploads\/2016\/03\/previs\u00e3o-ok-10.mp3?_=1\" \/><a href=\"http:\/\/www2.comunitaria.com.br\/wp-content\/uploads\/2016\/03\/previs\u00e3o-ok-10.mp3\">http:\/\/www2.comunitaria.com.br\/wp-content\/uploads\/2016\/03\/previs\u00e3o-ok-10.mp3<\/a><\/audio>","protected":false},"excerpt":{"rendered":"<p>A quinta-feira tem predom\u00ednio de sol e a tarde ser\u00e1 de forte calor. Os dias quentes seguem at\u00e9 o fim de semana, quando ocorre uma forte mudan\u00e7a nas condi\u00e7\u00f5es do tempo. Em Frederico Westphalen a previs\u00e3o \u00e9 de sol e temperaturas elevadas a tarde, com m\u00e1xima passando dos 30\u00b0C. Confira a previs\u00e3o do tempo completa:<\/p>\n<div class=\"read-more-wrapper\"><a class=\"read-more\" href=\"https:\/\/www2.comunitaria.com.br\/en\/previsao-do-tempo-sol-e-calor-permanecem-pelo-menos-ate-domingo\/\" title=\"Read More\"> <span class=\"button\">Read More<\/span><\/a><\/div>","protected":false},"author":2,"featured_media":16411,"comment_status":"open","ping_status":"closed","sticky":false,"template":"","format":"standard","meta":{"ngg_post_thumbnail":0,"footnotes":""},"categories":[51,46,42,33,145,43],"tags":[82,177,179,86,1192],"class_list":["post-16409","post","type-post","status-publish","format-standard","has-post-thumbnail","hentry","category-audio","category-estado","category-fred-west","category-noticias","category-previsao-do-tempo","category-regiao","tag-frederico-westphalen","tag-policia-2","tag-previsao-do-tempo-2","tag-regiao-2","tag-rio-grande-do-sul"],"amp_enabled":true,"_links":{"self":[{"href":"https:\/\/www2.comunitaria.com.br\/en\/wp-json\/wp\/v2\/posts\/16409","targetHints":{"allow":["GET"]}}],"collection":[{"href":"https:\/\/www2.comunitaria.com.br\/en\/wp-json\/wp\/v2\/posts"}],"about":[{"href":"https:\/\/www2.comunitaria.com.br\/en\/wp-json\/wp\/v2\/types\/post"}],"author":[{"embeddable":true,"href":"https:\/\/www2.comunitaria.com.br\/en\/wp-json\/wp\/v2\/users\/2"}],"replies":[{"embeddable":true,"href":"https:\/\/www2.comunitaria.com.br\/en\/wp-json\/wp\/v2\/comments?post=16409"}],"version-history":[{"count":0,"href":"https:\/\/www2.comunitaria.com.br\/en\/wp-json\/wp\/v2\/posts\/16409\/revisions"}],"wp:featuredmedia":[{"embeddable":true,"href":"https:\/\/www2.comunitaria.com.br\/en\/wp-json\/wp\/v2\/media\/16411"}],"wp:attachment":[{"href":"https:\/\/www2.comunitaria.com.br\/en\/wp-json\/wp\/v2\/media?parent=16409"}],"wp:term":[{"taxonomy":"category","embeddable":true,"href":"https:\/\/www2.comunitaria.com.br\/en\/wp-json\/wp\/v2\/categories?post=16409"},{"taxonomy":"post_tag","embeddable":true,"href":"https:\/\/www2.comunitaria.com.br\/en\/wp-json\/wp\/v2\/tags?post=16409"}],"curies":[{"name":"wp","href":"https:\/\/api.w.org\/{rel}","templated":true}]}}