{"id":16212,"date":"2016-03-11T12:33:15","date_gmt":"2016-03-11T14:33:15","guid":{"rendered":"http:\/\/www2.comunitaria.com.br\/?p=16212"},"modified":"2016-03-11T12:33:15","modified_gmt":"2016-03-11T14:33:15","slug":"liberado-recurso-para-capacitacao-e-seminario-da-coordenadoria-municipal-da-mulher","status":"publish","type":"post","link":"https:\/\/www2.comunitaria.com.br\/en\/liberado-recurso-para-capacitacao-e-seminario-da-coordenadoria-municipal-da-mulher\/","title":{"rendered":"Liberado recurso para capacita\u00e7\u00e3o e semin\u00e1rio da Coordenadoria Municipal da Mulher"},"content":{"rendered":"<p style=\"text-align: justify;\">A Secretaria de Pol\u00edticas para as Mulheres liberou o valor de R$100 mil para a realiza\u00e7\u00e3o de um semin\u00e1rio tem\u00e1tico e capacita\u00e7\u00e3o acerca dos direitos das mulheres. O recurso se refere a Emenda Parlamentar n\u00ba 19830017, da Deputada Federal Maria do Ros\u00e1rio. Segundo o projeto, est\u00e3o programadas duas atividades que visam fortalecer a rede de atendimento \u00e0s mulheres, garantir e proteger seus direitos, disseminar conhecimento e conceitos e promover o est\u00edmulo \u00e0 organiza\u00e7\u00e3o das mulheres.<\/p>\n<p style=\"text-align: justify;\">O Semin\u00e1rio Tem\u00e1tico &#8220;Diversidade sexual, diferen\u00e7as e quest\u00f5es de g\u00eanero&#8221; tratar\u00e1 da s\u00edntese das a\u00e7\u00f5es da pol\u00edtica especial para as mulheres, equidade e g\u00eanero, viol\u00eancia contra a mulher, como sair da vulnerabilidade social e autoestima. O evento ser\u00e1 realizado em tr\u00eas dias, durante dois turnos e contar\u00e1 com palestras e apresenta\u00e7\u00f5es culturais.<\/p>\n<p style=\"text-align: justify;\">O segundo evento ser\u00e1 uma capacita\u00e7\u00e3o de 80 horas sobre o contexto social e os direitos da mulher. Ser\u00e3o abordados quest\u00f5es como a contextualiza\u00e7\u00e3o social e econ\u00f4mica, s\u00edntese das a\u00e7\u00f5es da pol\u00edtica especial para as mulheres, entre outros temas.<\/p>\n<p style=\"text-align: justify;\">O p\u00fablico alvo desses eventos s\u00e3o os profissionais da \u00e1rea de atendimento a mulher, gestores, Conselheiros do COMDIM, assim como \u00f3rg\u00e3os respons\u00e1veis pela garantia dos direitos das mulheres. Cerca de 250 pessoas ser\u00e3o beneficiadas diretamente pelo projeto.<\/p>\n<p style=\"text-align: justify;\">A Coordenadoria Municipal da Mulher foi criada em agosto de 2009, a fim de assessorar, assistir, apoiar, articular e acompanhar as a\u00e7\u00f5es e pol\u00edticas voltadas \u00e0 mulher. Recentemente, a Coordenadoria instituiu o COMDIM- Conselho Municipal dos Direitos das Mulheres, com o objetivo de garantir \u00e0s mulheres seus direitos constitucionais e iniciar o trabalho de forma\u00e7\u00e3o da rede de atendimento \u00e0 mulher.<\/p>","protected":false},"excerpt":{"rendered":"<p>A Secretaria de Pol\u00edticas para as Mulheres liberou o valor de R$100 mil para a realiza\u00e7\u00e3o de um semin\u00e1rio tem\u00e1tico e capacita\u00e7\u00e3o acerca dos direitos das mulheres. O recurso se&#8230;<\/p>","protected":false},"author":2,"featured_media":16134,"comment_status":"open","ping_status":"closed","sticky":false,"template":"","format":"standard","meta":{"ngg_post_thumbnail":0,"footnotes":""},"categories":[42,33],"tags":[1407,2582,236,451,568,939],"class_list":["post-16212","post","type-post","status-publish","format-standard","has-post-thumbnail","hentry","category-fred-west","category-noticias","tag-capacitacao","tag-comdim","tag-convenio","tag-mulheres","tag-recursos","tag-seminario"],"amp_enabled":true,"_links":{"self":[{"href":"https:\/\/www2.comunitaria.com.br\/en\/wp-json\/wp\/v2\/posts\/16212","targetHints":{"allow":["GET"]}}],"collection":[{"href":"https:\/\/www2.comunitaria.com.br\/en\/wp-json\/wp\/v2\/posts"}],"about":[{"href":"https:\/\/www2.comunitaria.com.br\/en\/wp-json\/wp\/v2\/types\/post"}],"author":[{"embeddable":true,"href":"https:\/\/www2.comunitaria.com.br\/en\/wp-json\/wp\/v2\/users\/2"}],"replies":[{"embeddable":true,"href":"https:\/\/www2.comunitaria.com.br\/en\/wp-json\/wp\/v2\/comments?post=16212"}],"version-history":[{"count":0,"href":"https:\/\/www2.comunitaria.com.br\/en\/wp-json\/wp\/v2\/posts\/16212\/revisions"}],"wp:featuredmedia":[{"embeddable":true,"href":"https:\/\/www2.comunitaria.com.br\/en\/wp-json\/wp\/v2\/media\/16134"}],"wp:attachment":[{"href":"https:\/\/www2.comunitaria.com.br\/en\/wp-json\/wp\/v2\/media?parent=16212"}],"wp:term":[{"taxonomy":"category","embeddable":true,"href":"https:\/\/www2.comunitaria.com.br\/en\/wp-json\/wp\/v2\/categories?post=16212"},{"taxonomy":"post_tag","embeddable":true,"href":"https:\/\/www2.comunitaria.com.br\/en\/wp-json\/wp\/v2\/tags?post=16212"}],"curies":[{"name":"wp","href":"https:\/\/api.w.org\/{rel}","templated":true}]}}