{"id":16057,"date":"2016-03-08T15:03:20","date_gmt":"2016-03-08T17:03:20","guid":{"rendered":"http:\/\/www2.comunitaria.com.br\/?p=16057"},"modified":"2016-03-09T09:07:22","modified_gmt":"2016-03-09T11:07:22","slug":"frederico-westphalen-organiza-novo-mutirao-contra-o-aedes-aegypti","status":"publish","type":"post","link":"https:\/\/www2.comunitaria.com.br\/en\/frederico-westphalen-organiza-novo-mutirao-contra-o-aedes-aegypti\/","title":{"rendered":"Frederico Westphalen organiza novo mutir\u00e3o contra o Aedes Aegypti"},"content":{"rendered":"<p style=\"text-align: justify;\">Em reuni\u00e3o aberta a comunidade realizada no audit\u00f3rio do Minist\u00e9rio P\u00fablico, na manh\u00e3 desta ter\u00e7a-feira, dia 8, discutiu-se o enfrentamento do surto de dengue em Frederico Westphalen e tamb\u00e9m a organiza\u00e7\u00e3o do mutir\u00e3o que ser\u00e1 realizado no pr\u00f3ximo s\u00e1bado, 12.\u00a0At\u00e9 o momento, s\u00e3o 41 casos confirmados em 7 bairros do munic\u00edpio.<\/p>\n<p style=\"text-align: justify;\">Entre as autoridades presentes no encontro estavam o <span class=\"st\">Promotor de Justi\u00e7a Rog\u00e9rio Fava Santos, a Secret\u00e1ria de Sa\u00fade Marly Vendruscolo, Mauro Dornelles,\u00a0<span class=\"st\">m\u00e9dico veterin\u00e1rio do Departamento de Vigil\u00e2ncia Ambiental da 19\u00aa CRS, e o m\u00e9dico Paulo Savaris. Al\u00e9m disso, diversos membros da comunidade e representantes de empresas e entidades participaram da reuni\u00e3o.\u00a0<\/span><\/span><\/p>\n<p style=\"text-align: justify;\">O mutir\u00e3o ser\u00e1 realizado no Bairro F\u00e1tima e Santo Ant\u00f4nio com in\u00edcio\u00a0na capela do Bairro F\u00e1tima, \u00e0s 08h30min. Para ajudar nas atividades da limpeza, os tr\u00eas clubes Rotary do munic\u00edpio confeccionaram armadilhas de garrafa pet para distribuir\u00a0\u00e0 comunidade.<\/p>\n<p style=\"text-align: justify;\">Frederico Westphalen possui\u00a07 agentes da dengue, 35 agentes de sa\u00fade e cerca de 11 agentes do Primeira Inf\u00e2ncia Melhor (PIM), auxiliando no combate ao mosquito. Ap\u00f3s v\u00e1rias a\u00e7\u00f5es de conscientiza\u00e7\u00e3o nas comunidades frederiquenses e tamb\u00e9m a divulga\u00e7\u00e3o de um meio para delatar poss\u00edveis locais de prolifera\u00e7\u00e3o do mosquito,\u00a0a Secretaria Municipal de Sa\u00fade recebe cerca de 100 den\u00fancias di\u00e1rias de focos.<\/p>\n<p style=\"text-align: justify;\">Na pr\u00f3xima segunda-feira, dia 14, ser\u00e1 realizada uma nova reuni\u00e3o para discutir a a\u00e7\u00e3o de s\u00e1bado. Ela ser\u00e1 realizada novamente no audit\u00f3rio do Minist\u00e9rio P\u00fablico, \u00e0s 10h30min.<\/p>\n<p style=\"text-align: justify;\">A secret\u00e1ria municipal da sa\u00fade, Marly Vendruscolo, comenta sobre o mutir\u00e3o e tamb\u00e9m sobre as consequ\u00eancias do surto da doen\u00e7a:<\/p>\n<audio class=\"wp-audio-shortcode\" id=\"audio-16057-1\" preload=\"none\" style=\"width: 100%;\" controls=\"controls\"><source type=\"audio\/mpeg\" src=\"http:\/\/www2.comunitaria.com.br\/wp-content\/uploads\/2016\/03\/Marly-01.mp3?_=1\" \/><a href=\"http:\/\/www2.comunitaria.com.br\/wp-content\/uploads\/2016\/03\/Marly-01.mp3\">http:\/\/www2.comunitaria.com.br\/wp-content\/uploads\/2016\/03\/Marly-01.mp3<\/a><\/audio>\n<p>O\u00a0m\u00e9dico veterin\u00e1rio do Departamento de Vigil\u00e2ncia Ambiental da 19\u00aa CRS, Mauro Dornelles, destacou que a aplica\u00e7\u00e3o de inseticidas ser\u00e1 realizada em demais comunidades de Frederico:<\/p>\n<audio class=\"wp-audio-shortcode\" id=\"audio-16057-2\" preload=\"none\" style=\"width: 100%;\" controls=\"controls\"><source type=\"audio\/mpeg\" src=\"http:\/\/www2.comunitaria.com.br\/wp-content\/uploads\/2016\/03\/Mauro.mp3?_=2\" \/><a href=\"http:\/\/www2.comunitaria.com.br\/wp-content\/uploads\/2016\/03\/Mauro.mp3\">http:\/\/www2.comunitaria.com.br\/wp-content\/uploads\/2016\/03\/Mauro.mp3<\/a><\/audio>\n<p style=\"text-align: justify;\"><strong>Saiba quais s\u00e3o os sintomas da dengue:<\/strong><\/p>\n<p style=\"text-align: justify;\">De acordo com o Minist\u00e9rio da Sa\u00fade, a infec\u00e7\u00e3o por dengue pode ser assintom\u00e1tica, leve ou causar doen\u00e7a grave, levando \u00e0 morte. Normalmente, a primeira manifesta\u00e7\u00e3o da dengue \u00e9 a febre alta (39\u00b0 a 40\u00b0C), de in\u00edcio abrupto, que geralmente dura de dois a sete dias, acompanhada de dor de cabe\u00e7a, dores no corpo e articula\u00e7\u00f5es, prostra\u00e7\u00e3o, fraqueza, dor atr\u00e1s dos olhos, erup\u00e7\u00e3o e coceira na pele.<\/p>\n<p style=\"text-align: justify;\">Perda de peso, n\u00e1useas e v\u00f4mitos s\u00e3o comuns. Na fase febril inicial da doen\u00e7a pode ser dif\u00edcil diferenci\u00e1-la. A forma grave da doen\u00e7a inclui dor abdominal intensa e cont\u00ednua, v\u00f4mitos persistentes, sangramento de mucosas, entre outros sintoma<\/p>\n<p style=\"text-align: justify;\"><strong>Evite os focos do mosquito transmissor:<\/strong><\/p>\n<p style=\"text-align: justify;\"><a href=\"http:\/\/www2.comunitaria.com.br\/en\/sete-casos-de-dengue-sao-confirmados-em-fw-sendo-dois-autoctones\/verarquivo-3\/\" rel=\"attachment wp-att-15857\"><img loading=\"lazy\" decoding=\"async\" class=\"aligncenter size-full wp-image-15857\" src=\"http:\/\/www2.comunitaria.com.br\/wp-content\/uploads\/2016\/03\/verarquivo-1.jpg\" alt=\"verarquivo\" width=\"1000\" height=\"569\" srcset=\"https:\/\/www2.comunitaria.com.br\/wp-content\/uploads\/2016\/03\/verarquivo-1.jpg 1000w, https:\/\/www2.comunitaria.com.br\/wp-content\/uploads\/2016\/03\/verarquivo-1-300x171.jpg 300w, https:\/\/www2.comunitaria.com.br\/wp-content\/uploads\/2016\/03\/verarquivo-1-768x437.jpg 768w\" sizes=\"auto, (max-width: 1000px) 100vw, 1000px\" \/><\/a><\/p>\n\n\t\t<style>\n\t\t\t#gallery-1 {\n\t\t\t\tmargin: auto;\n\t\t\t}\n\t\t\t#gallery-1 .gallery-item {\n\t\t\t\tfloat: left;\n\t\t\t\tmargin-top: 10px;\n\t\t\t\ttext-align: center;\n\t\t\t\twidth: 25%;\n\t\t\t}\n\t\t\t#gallery-1 img {\n\t\t\t\tborder: 2px solid #cfcfcf;\n\t\t\t}\n\t\t\t#gallery-1 .gallery-caption {\n\t\t\t\tmargin-left: 0;\n\t\t\t}\n\t\t\t\/* see gallery_shortcode() in wp-includes\/media.php *\/\n\t\t<\/style>\n\t\t<div id='gallery-1' class='gallery galleryid-16057 gallery-columns-4 gallery-size-thumbnail'><dl class='gallery-item'>\n\t\t\t<dt class='gallery-icon landscape'>\n\t\t\t\t<a href='https:\/\/www2.comunitaria.com.br\/en\/frederico-westphalen-organiza-novo-mutirao-contra-o-aedes-aegypti\/dsc_0125-9\/'><img loading=\"lazy\" decoding=\"async\" width=\"150\" height=\"150\" src=\"https:\/\/www2.comunitaria.com.br\/wp-content\/uploads\/2016\/03\/DSC_0125-150x150.jpg\" class=\"attachment-thumbnail size-thumbnail\" alt=\"\" aria-describedby=\"gallery-1-16064\" srcset=\"https:\/\/www2.comunitaria.com.br\/wp-content\/uploads\/2016\/03\/DSC_0125-150x150.jpg 150w, https:\/\/www2.comunitaria.com.br\/wp-content\/uploads\/2016\/03\/DSC_0125-65x65.jpg 65w\" sizes=\"auto, (max-width: 150px) 100vw, 150px\" \/><\/a>\n\t\t\t<\/dt>\n\t\t\t\t<dd class='wp-caption-text gallery-caption' id='gallery-1-16064'>\n\t\t\t\tFoto: Eduarda Wilhelm\n\t\t\t\t<\/dd><\/dl><dl class='gallery-item'>\n\t\t\t<dt class='gallery-icon landscape'>\n\t\t\t\t<a href='https:\/\/www2.comunitaria.com.br\/en\/frederico-westphalen-organiza-novo-mutirao-contra-o-aedes-aegypti\/dsc_0114-15\/'><img loading=\"lazy\" decoding=\"async\" width=\"150\" height=\"150\" src=\"https:\/\/www2.comunitaria.com.br\/wp-content\/uploads\/2016\/03\/DSC_0114-150x150.jpg\" class=\"attachment-thumbnail size-thumbnail\" alt=\"\" aria-describedby=\"gallery-1-16062\" srcset=\"https:\/\/www2.comunitaria.com.br\/wp-content\/uploads\/2016\/03\/DSC_0114-150x150.jpg 150w, https:\/\/www2.comunitaria.com.br\/wp-content\/uploads\/2016\/03\/DSC_0114-65x65.jpg 65w\" sizes=\"auto, (max-width: 150px) 100vw, 150px\" \/><\/a>\n\t\t\t<\/dt>\n\t\t\t\t<dd class='wp-caption-text gallery-caption' id='gallery-1-16062'>\n\t\t\t\tFoto: Eduarda Wilhelm\n\t\t\t\t<\/dd><\/dl><dl class='gallery-item'>\n\t\t\t<dt class='gallery-icon landscape'>\n\t\t\t\t<a href='https:\/\/www2.comunitaria.com.br\/en\/frederico-westphalen-organiza-novo-mutirao-contra-o-aedes-aegypti\/dsc_0107-14\/'><img loading=\"lazy\" decoding=\"async\" width=\"150\" height=\"150\" src=\"https:\/\/www2.comunitaria.com.br\/wp-content\/uploads\/2016\/03\/DSC_0107-150x150.jpg\" class=\"attachment-thumbnail size-thumbnail\" alt=\"\" aria-describedby=\"gallery-1-16061\" srcset=\"https:\/\/www2.comunitaria.com.br\/wp-content\/uploads\/2016\/03\/DSC_0107-150x150.jpg 150w, https:\/\/www2.comunitaria.com.br\/wp-content\/uploads\/2016\/03\/DSC_0107-65x65.jpg 65w\" sizes=\"auto, (max-width: 150px) 100vw, 150px\" \/><\/a>\n\t\t\t<\/dt>\n\t\t\t\t<dd class='wp-caption-text gallery-caption' id='gallery-1-16061'>\n\t\t\t\tFoto: Eduarda Wilhelm\n\t\t\t\t<\/dd><\/dl><dl class='gallery-item'>\n\t\t\t<dt class='gallery-icon landscape'>\n\t\t\t\t<a href='https:\/\/www2.comunitaria.com.br\/en\/frederico-westphalen-organiza-novo-mutirao-contra-o-aedes-aegypti\/dsc_0104-13\/'><img loading=\"lazy\" decoding=\"async\" width=\"150\" height=\"150\" src=\"https:\/\/www2.comunitaria.com.br\/wp-content\/uploads\/2016\/03\/DSC_0104-150x150.jpg\" class=\"attachment-thumbnail size-thumbnail\" alt=\"\" aria-describedby=\"gallery-1-16060\" srcset=\"https:\/\/www2.comunitaria.com.br\/wp-content\/uploads\/2016\/03\/DSC_0104-150x150.jpg 150w, https:\/\/www2.comunitaria.com.br\/wp-content\/uploads\/2016\/03\/DSC_0104-65x65.jpg 65w\" sizes=\"auto, (max-width: 150px) 100vw, 150px\" \/><\/a>\n\t\t\t<\/dt>\n\t\t\t\t<dd class='wp-caption-text gallery-caption' id='gallery-1-16060'>\n\t\t\t\tFoto: Eduarda Wilhelm\n\t\t\t\t<\/dd><\/dl><br style=\"clear: both\" \/><dl class='gallery-item'>\n\t\t\t<dt class='gallery-icon landscape'>\n\t\t\t\t<a href='https:\/\/www2.comunitaria.com.br\/en\/frederico-westphalen-organiza-novo-mutirao-contra-o-aedes-aegypti\/dsc_0103-11\/'><img loading=\"lazy\" decoding=\"async\" width=\"150\" height=\"150\" src=\"https:\/\/www2.comunitaria.com.br\/wp-content\/uploads\/2016\/03\/DSC_0103-150x150.jpg\" class=\"attachment-thumbnail size-thumbnail\" alt=\"\" aria-describedby=\"gallery-1-16059\" srcset=\"https:\/\/www2.comunitaria.com.br\/wp-content\/uploads\/2016\/03\/DSC_0103-150x150.jpg 150w, https:\/\/www2.comunitaria.com.br\/wp-content\/uploads\/2016\/03\/DSC_0103-65x65.jpg 65w\" sizes=\"auto, (max-width: 150px) 100vw, 150px\" \/><\/a>\n\t\t\t<\/dt>\n\t\t\t\t<dd class='wp-caption-text gallery-caption' id='gallery-1-16059'>\n\t\t\t\tFoto: Eduarda Wilhelm\n\t\t\t\t<\/dd><\/dl><dl class='gallery-item'>\n\t\t\t<dt class='gallery-icon landscape'>\n\t\t\t\t<a href='https:\/\/www2.comunitaria.com.br\/en\/frederico-westphalen-organiza-novo-mutirao-contra-o-aedes-aegypti\/dsc_0099-16\/'><img loading=\"lazy\" decoding=\"async\" width=\"150\" height=\"150\" src=\"https:\/\/www2.comunitaria.com.br\/wp-content\/uploads\/2016\/03\/DSC_0099-150x150.jpg\" class=\"attachment-thumbnail size-thumbnail\" alt=\"\" aria-describedby=\"gallery-1-16058\" srcset=\"https:\/\/www2.comunitaria.com.br\/wp-content\/uploads\/2016\/03\/DSC_0099-150x150.jpg 150w, https:\/\/www2.comunitaria.com.br\/wp-content\/uploads\/2016\/03\/DSC_0099-65x65.jpg 65w\" sizes=\"auto, (max-width: 150px) 100vw, 150px\" \/><\/a>\n\t\t\t<\/dt>\n\t\t\t\t<dd class='wp-caption-text gallery-caption' id='gallery-1-16058'>\n\t\t\t\tFoto: Eduarda Wilhelm\n\t\t\t\t<\/dd><\/dl>\n\t\t\t<br style='clear: both' \/>\n\t\t<\/div>","protected":false},"excerpt":{"rendered":"<p>Em reuni\u00e3o aberta a comunidade realizada no audit\u00f3rio do Minist\u00e9rio P\u00fablico, na manh\u00e3 desta ter\u00e7a-feira, dia 8, discutiu-se o enfrentamento do surto de dengue em Frederico Westphalen e tamb\u00e9m a&#8230;<\/p>","protected":false},"author":2,"featured_media":16061,"comment_status":"open","ping_status":"closed","sticky":false,"template":"","format":"standard","meta":{"ngg_post_thumbnail":0,"footnotes":""},"categories":[51,42,28,33,37],"tags":[2133,832,2558,257],"class_list":["post-16057","post","type-post","status-publish","format-standard","has-post-thumbnail","hentry","category-audio","category-fred-west","category-destaque","category-noticias","category-saude","tag-aedes-aegypti","tag-dengue","tag-mutirao","tag-reuniao"],"amp_enabled":true,"_links":{"self":[{"href":"https:\/\/www2.comunitaria.com.br\/en\/wp-json\/wp\/v2\/posts\/16057","targetHints":{"allow":["GET"]}}],"collection":[{"href":"https:\/\/www2.comunitaria.com.br\/en\/wp-json\/wp\/v2\/posts"}],"about":[{"href":"https:\/\/www2.comunitaria.com.br\/en\/wp-json\/wp\/v2\/types\/post"}],"author":[{"embeddable":true,"href":"https:\/\/www2.comunitaria.com.br\/en\/wp-json\/wp\/v2\/users\/2"}],"replies":[{"embeddable":true,"href":"https:\/\/www2.comunitaria.com.br\/en\/wp-json\/wp\/v2\/comments?post=16057"}],"version-history":[{"count":0,"href":"https:\/\/www2.comunitaria.com.br\/en\/wp-json\/wp\/v2\/posts\/16057\/revisions"}],"wp:featuredmedia":[{"embeddable":true,"href":"https:\/\/www2.comunitaria.com.br\/en\/wp-json\/wp\/v2\/media\/16061"}],"wp:attachment":[{"href":"https:\/\/www2.comunitaria.com.br\/en\/wp-json\/wp\/v2\/media?parent=16057"}],"wp:term":[{"taxonomy":"category","embeddable":true,"href":"https:\/\/www2.comunitaria.com.br\/en\/wp-json\/wp\/v2\/categories?post=16057"},{"taxonomy":"post_tag","embeddable":true,"href":"https:\/\/www2.comunitaria.com.br\/en\/wp-json\/wp\/v2\/tags?post=16057"}],"curies":[{"name":"wp","href":"https:\/\/api.w.org\/{rel}","templated":true}]}}