{"id":15935,"date":"2016-03-04T15:50:34","date_gmt":"2016-03-04T17:50:34","guid":{"rendered":"http:\/\/www2.comunitaria.com.br\/?p=15935"},"modified":"2016-03-04T15:50:34","modified_gmt":"2016-03-04T17:50:34","slug":"urifw-oferece-provas-de-proficiencia-em-ingles-e-espanhol","status":"publish","type":"post","link":"https:\/\/www2.comunitaria.com.br\/en\/urifw-oferece-provas-de-proficiencia-em-ingles-e-espanhol\/","title":{"rendered":"URI\/FW oferece provas de profici\u00eancia em ingl\u00eas e espanhol"},"content":{"rendered":"<div class=\"descricao\">\n<p style=\"text-align: justify;\">A URI, campus Frederico Westphalen, realizar\u00e1 provas de profici\u00eancia em ingl\u00eas e espanhol, por meio do curso de Letras. As provas ser\u00e3o realizadas durante o ano nos dias 28 de abril, 07 de julho, 09 de setembro e 24 de novembro.<\/p>\n<p style=\"text-align: justify;\">As inscri\u00e7\u00f5es podem ser realizadas at\u00e9 o dia da realiza\u00e7\u00e3o da prova, que ocorrer\u00e3o das 13h30min \u00e0s 17h. O valor para acad\u00eamicos de mestrado e doutorado da URI \u00e9 de R$74,60, para demais alunos, professores e funcion\u00e1rios da URI o custo \u00e9 de R$134,50 e para comunidade em geral R$298,80.<\/p>\n<p style=\"text-align: justify;\">Acesse o Regulamento do Exame de Profici\u00eancia em L\u00ednguas Estrangeiras <a href=\"http:\/\/www.fw.uri.br\/site\/verarquivo.php?arq=files\/paginas\/SAE\/regulamento%281%29.pdf\">aqui<\/a>. Para mais informa\u00e7\u00f5es entre em contato pelo telefone <span id=\"skype_c2c_container\" class=\"skype_c2c_container notranslate\" dir=\"ltr\" tabindex=\"-1\" data-numbertocall=\"+555537449243\" data-numbertype=\"paid\" data-isfreecall=\"false\" data-isrtl=\"false\" data-ismobile=\"false\"><span class=\"skype_c2c_highlighting_inactive_common\" dir=\"ltr\"><span id=\"non_free_num_ui\" class=\"skype_c2c_textarea_span\"><img loading=\"lazy\" decoding=\"async\" class=\"skype_c2c_logo_img\" src=\"resource:\/\/skype_ff_extension-at-jetpack\/skype_ff_extension\/data\/call_skype_logo.png\" alt=\"\" width=\"0\" height=\"0\" \/><span class=\"skype_c2c_text_span\">(55) 3744-9243 <\/span><\/span><\/span><\/span>ou pelo e-mail marines@uri.edu.br.<\/p>\n<\/div>","protected":false},"excerpt":{"rendered":"<p>A URI, campus Frederico Westphalen, realizar\u00e1 provas de profici\u00eancia em ingl\u00eas e espanhol, por meio do curso de Letras. As provas ser\u00e3o realizadas durante o ano nos dias 28 de abril, 07 de julho, 09 de setembro e 24 de novembro. As inscri\u00e7\u00f5es podem ser realizadas at\u00e9 o dia da realiza\u00e7\u00e3o da prova, que ocorrer\u00e3o<\/p>\n<div class=\"read-more-wrapper\"><a class=\"read-more\" href=\"https:\/\/www2.comunitaria.com.br\/en\/urifw-oferece-provas-de-proficiencia-em-ingles-e-espanhol\/\" title=\"Read More\"> <span class=\"button\">Read More<\/span><\/a><\/div>","protected":false},"author":2,"featured_media":15936,"comment_status":"open","ping_status":"closed","sticky":false,"template":"","format":"standard","meta":{"ngg_post_thumbnail":0,"footnotes":""},"categories":[33],"tags":[82,149,2545,2544,54,141],"class_list":["post-15935","post","type-post","status-publish","format-standard","has-post-thumbnail","hentry","category-noticias","tag-frederico-westphalen","tag-inscricoes","tag-lingua-estrangeira","tag-proficiencia","tag-provas","tag-uri"],"amp_enabled":true,"_links":{"self":[{"href":"https:\/\/www2.comunitaria.com.br\/en\/wp-json\/wp\/v2\/posts\/15935","targetHints":{"allow":["GET"]}}],"collection":[{"href":"https:\/\/www2.comunitaria.com.br\/en\/wp-json\/wp\/v2\/posts"}],"about":[{"href":"https:\/\/www2.comunitaria.com.br\/en\/wp-json\/wp\/v2\/types\/post"}],"author":[{"embeddable":true,"href":"https:\/\/www2.comunitaria.com.br\/en\/wp-json\/wp\/v2\/users\/2"}],"replies":[{"embeddable":true,"href":"https:\/\/www2.comunitaria.com.br\/en\/wp-json\/wp\/v2\/comments?post=15935"}],"version-history":[{"count":0,"href":"https:\/\/www2.comunitaria.com.br\/en\/wp-json\/wp\/v2\/posts\/15935\/revisions"}],"wp:featuredmedia":[{"embeddable":true,"href":"https:\/\/www2.comunitaria.com.br\/en\/wp-json\/wp\/v2\/media\/15936"}],"wp:attachment":[{"href":"https:\/\/www2.comunitaria.com.br\/en\/wp-json\/wp\/v2\/media?parent=15935"}],"wp:term":[{"taxonomy":"category","embeddable":true,"href":"https:\/\/www2.comunitaria.com.br\/en\/wp-json\/wp\/v2\/categories?post=15935"},{"taxonomy":"post_tag","embeddable":true,"href":"https:\/\/www2.comunitaria.com.br\/en\/wp-json\/wp\/v2\/tags?post=15935"}],"curies":[{"name":"wp","href":"https:\/\/api.w.org\/{rel}","templated":true}]}}