{"id":1566,"date":"2014-12-17T17:32:51","date_gmt":"2014-12-17T19:32:51","guid":{"rendered":"http:\/\/www2.comunitaria.com.br\/?p=1566"},"modified":"2014-12-17T17:32:51","modified_gmt":"2014-12-17T19:32:51","slug":"entrevista-coordenador-de-saude-faz-avaliacao-de-acoes","status":"publish","type":"post","link":"https:\/\/www2.comunitaria.com.br\/en\/entrevista-coordenador-de-saude-faz-avaliacao-de-acoes\/","title":{"rendered":"Entrevista: Coordenador de Sa\u00fade faz avalia\u00e7\u00e3o de a\u00e7\u00f5es"},"content":{"rendered":"<p>Em entrevista na manh\u00e3 desta ter\u00e7a-feira, dia 17, na R\u00e1dio Comunit\u00e1ria, durante o Programa da Manh\u00e3, concedida ao Radialista Ademir Telles, o Coordenador da 19\u00b0 Coordenadoria Regional de Sa\u00fade, Cirilo Fronza, fez um balan\u00e7o das a\u00e7\u00f5es desenvolvidas na \u00e1rea da Sa\u00fade na regi\u00e3o, pelo atual governo.<\/p>\n<audio class=\"wp-audio-shortcode\" id=\"audio-1566-1\" preload=\"none\" style=\"width: 100%;\" controls=\"controls\"><source type=\"audio\/mpeg\" src=\"http:\/\/www2.comunitaria.com.br\/wp-content\/uploads\/2014\/12\/cirilo.mp3?_=1\" \/><a href=\"http:\/\/www2.comunitaria.com.br\/wp-content\/uploads\/2014\/12\/cirilo.mp3\">http:\/\/www2.comunitaria.com.br\/wp-content\/uploads\/2014\/12\/cirilo.mp3<\/a><\/audio>","protected":false},"excerpt":{"rendered":"<p>Em entrevista na manh\u00e3 desta ter\u00e7a-feira, dia 17, na R\u00e1dio Comunit\u00e1ria, durante o Programa da Manh\u00e3, concedida ao Radialista Ademir Telles, o Coordenador da 19\u00b0 Coordenadoria Regional de Sa\u00fade, Cirilo&#8230;<\/p>","protected":false},"author":2,"featured_media":1568,"comment_status":"open","ping_status":"closed","sticky":false,"template":"","format":"standard","meta":{"ngg_post_thumbnail":0,"footnotes":""},"categories":[51,28,33,43,37],"tags":[421,420,422,175],"class_list":["post-1566","post","type-post","status-publish","format-standard","has-post-thumbnail","hentry","category-audio","category-destaque","category-noticias","category-regiao","category-saude","tag-balanco","tag-cirilo-fronza","tag-coordenadoria-de-saude","tag-saude-2"],"amp_enabled":true,"_links":{"self":[{"href":"https:\/\/www2.comunitaria.com.br\/en\/wp-json\/wp\/v2\/posts\/1566","targetHints":{"allow":["GET"]}}],"collection":[{"href":"https:\/\/www2.comunitaria.com.br\/en\/wp-json\/wp\/v2\/posts"}],"about":[{"href":"https:\/\/www2.comunitaria.com.br\/en\/wp-json\/wp\/v2\/types\/post"}],"author":[{"embeddable":true,"href":"https:\/\/www2.comunitaria.com.br\/en\/wp-json\/wp\/v2\/users\/2"}],"replies":[{"embeddable":true,"href":"https:\/\/www2.comunitaria.com.br\/en\/wp-json\/wp\/v2\/comments?post=1566"}],"version-history":[{"count":0,"href":"https:\/\/www2.comunitaria.com.br\/en\/wp-json\/wp\/v2\/posts\/1566\/revisions"}],"wp:featuredmedia":[{"embeddable":true,"href":"https:\/\/www2.comunitaria.com.br\/en\/wp-json\/wp\/v2\/media\/1568"}],"wp:attachment":[{"href":"https:\/\/www2.comunitaria.com.br\/en\/wp-json\/wp\/v2\/media?parent=1566"}],"wp:term":[{"taxonomy":"category","embeddable":true,"href":"https:\/\/www2.comunitaria.com.br\/en\/wp-json\/wp\/v2\/categories?post=1566"},{"taxonomy":"post_tag","embeddable":true,"href":"https:\/\/www2.comunitaria.com.br\/en\/wp-json\/wp\/v2\/tags?post=1566"}],"curies":[{"name":"wp","href":"https:\/\/api.w.org\/{rel}","templated":true}]}}