{"id":15621,"date":"2016-02-26T10:39:46","date_gmt":"2016-02-26T12:39:46","guid":{"rendered":"http:\/\/www2.comunitaria.com.br\/?p=15621"},"modified":"2016-02-26T10:40:04","modified_gmt":"2016-02-26T12:40:04","slug":"portico-da-faguense-sera-construido-como-forma-de-compensacao-ambiental","status":"publish","type":"post","link":"https:\/\/www2.comunitaria.com.br\/en\/portico-da-faguense-sera-construido-como-forma-de-compensacao-ambiental\/","title":{"rendered":"P\u00f3rtico da Faguense ser\u00e1 constru\u00eddo como forma de compensa\u00e7\u00e3o ambiental"},"content":{"rendered":"<p style=\"text-align: justify;\">Uma compensa\u00e7\u00e3o ambiental foi firmada entre o munic\u00edpio de Frederico Westphalen e a Imobili\u00e1ria Marcos Lima, visando a constru\u00e7\u00e3o de um p\u00f3rtico na Linha Faguense. A compensa\u00e7\u00e3o se faz necess\u00e1ria sempre que ocorre a supress\u00e3o de vegeta\u00e7\u00e3o em virtude de algum empreendimento. No entanto, ao inv\u00e9s de compensar essa vegeta\u00e7\u00e3o em outro local, h\u00e1 a possibilidade de converter em melhorias de pra\u00e7as, parques e outras \u00e1reas p\u00fablicas.<\/p>\n<p style=\"text-align: justify;\"><span class=\"text_exposed_show\">De acordo com essa exig\u00eancia de compensa\u00e7\u00e3o, foi firmado um conv\u00eanio entre o munic\u00edpio e o empreendedor Marcos Lima, onde o mesmo se compromete a construir o p\u00f3rtico do Parque Municipal Arc\u00e2ngelo Busatto. <\/span><\/p>\n<p style=\"text-align: justify;\"><span class=\"text_exposed_show\">O analista e licenciador ambiental, Carlos Minuzzi Rossatto explica o processo. \u201cFoi feito um c\u00e1lculo da magnitude que ele teria que gastar pra compensar a interven\u00e7\u00e3o na vegeta\u00e7\u00e3o e esse valor \u00e9 convertido ent\u00e3o em melhorias ambientais que ser\u00e3o feitas no Parque Municipal Arc\u00e2ngelo Busatto, por meio da constru\u00e7\u00e3o do p\u00f3rtico\u201d, afirma Carlos. O t\u00e9rmino da obra est\u00e1 previsto para 1\u00ba de julho de 2016.\u00a0<\/span><\/p>\n<div id=\"attachment_15623\" style=\"width: 580px\" class=\"wp-caption aligncenter\"><a href=\"http:\/\/www2.comunitaria.com.br\/en\/portico-da-faguense-sera-construido-como-forma-de-compensacao-ambiental\/12514072_1054084467978021_3887461116375117126_o\/\" rel=\"attachment wp-att-15623\"><img loading=\"lazy\" decoding=\"async\" aria-describedby=\"caption-attachment-15623\" class=\"wp-image-15623\" src=\"http:\/\/www2.comunitaria.com.br\/wp-content\/uploads\/2016\/02\/12514072_1054084467978021_3887461116375117126_o.jpg\" alt=\"12514072_1054084467978021_3887461116375117126_o\" width=\"570\" height=\"377\" srcset=\"https:\/\/www2.comunitaria.com.br\/wp-content\/uploads\/2016\/02\/12514072_1054084467978021_3887461116375117126_o.jpg 1600w, https:\/\/www2.comunitaria.com.br\/wp-content\/uploads\/2016\/02\/12514072_1054084467978021_3887461116375117126_o-300x199.jpg 300w, https:\/\/www2.comunitaria.com.br\/wp-content\/uploads\/2016\/02\/12514072_1054084467978021_3887461116375117126_o-768x508.jpg 768w, https:\/\/www2.comunitaria.com.br\/wp-content\/uploads\/2016\/02\/12514072_1054084467978021_3887461116375117126_o-1024x678.jpg 1024w\" sizes=\"auto, (max-width: 570px) 100vw, 570px\" \/><\/a><p id=\"caption-attachment-15623\" class=\"wp-caption-text\">Foi firmada uma compensa\u00e7\u00e3o ambiental entre o munic\u00edpio de Frederico Westphalen e a Imobili\u00e1ria Marcos Lima (Foto: ASCOM &#8211; Prefeitura Frederico Westphalen)<\/p><\/div>\n<p style=\"text-align: justify;\"><strong>ASCOM &#8211; Prefeitura Frederico Westphalen<\/strong><\/p>","protected":false},"excerpt":{"rendered":"<p>Uma compensa\u00e7\u00e3o ambiental foi firmada entre o munic\u00edpio de Frederico Westphalen e a Imobili\u00e1ria Marcos Lima, visando a constru\u00e7\u00e3o de um p\u00f3rtico na Linha Faguense. A compensa\u00e7\u00e3o se faz necess\u00e1ria sempre que ocorre a supress\u00e3o de vegeta\u00e7\u00e3o em virtude de algum empreendimento. No entanto, ao inv\u00e9s de compensar essa vegeta\u00e7\u00e3o em outro local, h\u00e1 a<\/p>\n<div class=\"read-more-wrapper\"><a class=\"read-more\" href=\"https:\/\/www2.comunitaria.com.br\/en\/portico-da-faguense-sera-construido-como-forma-de-compensacao-ambiental\/\" title=\"Read More\"> <span class=\"button\">Read More<\/span><\/a><\/div>","protected":false},"author":2,"featured_media":15622,"comment_status":"open","ping_status":"closed","sticky":false,"template":"","format":"standard","meta":{"ngg_post_thumbnail":0,"footnotes":""},"categories":[42,28,33,38,35],"tags":[2501,185,82,2500,720,1079,2499],"class_list":["post-15621","post","type-post","status-publish","format-standard","has-post-thumbnail","hentry","category-fred-west","category-destaque","category-noticias","category-politica","category-variedades","tag-compensacao-ambiental","tag-faguense","tag-frederico-westphalen","tag-linha-faguense","tag-obras","tag-politica","tag-portico"],"amp_enabled":true,"_links":{"self":[{"href":"https:\/\/www2.comunitaria.com.br\/en\/wp-json\/wp\/v2\/posts\/15621","targetHints":{"allow":["GET"]}}],"collection":[{"href":"https:\/\/www2.comunitaria.com.br\/en\/wp-json\/wp\/v2\/posts"}],"about":[{"href":"https:\/\/www2.comunitaria.com.br\/en\/wp-json\/wp\/v2\/types\/post"}],"author":[{"embeddable":true,"href":"https:\/\/www2.comunitaria.com.br\/en\/wp-json\/wp\/v2\/users\/2"}],"replies":[{"embeddable":true,"href":"https:\/\/www2.comunitaria.com.br\/en\/wp-json\/wp\/v2\/comments?post=15621"}],"version-history":[{"count":0,"href":"https:\/\/www2.comunitaria.com.br\/en\/wp-json\/wp\/v2\/posts\/15621\/revisions"}],"wp:featuredmedia":[{"embeddable":true,"href":"https:\/\/www2.comunitaria.com.br\/en\/wp-json\/wp\/v2\/media\/15622"}],"wp:attachment":[{"href":"https:\/\/www2.comunitaria.com.br\/en\/wp-json\/wp\/v2\/media?parent=15621"}],"wp:term":[{"taxonomy":"category","embeddable":true,"href":"https:\/\/www2.comunitaria.com.br\/en\/wp-json\/wp\/v2\/categories?post=15621"},{"taxonomy":"post_tag","embeddable":true,"href":"https:\/\/www2.comunitaria.com.br\/en\/wp-json\/wp\/v2\/tags?post=15621"}],"curies":[{"name":"wp","href":"https:\/\/api.w.org\/{rel}","templated":true}]}}