{"id":15590,"date":"2016-02-25T17:57:10","date_gmt":"2016-02-25T19:57:10","guid":{"rendered":"http:\/\/www2.comunitaria.com.br\/?p=15590"},"modified":"2016-02-25T17:58:34","modified_gmt":"2016-02-25T19:58:34","slug":"1-seminario-em-saude-do-trabalhador-sera-realizado-em-ametista-do-sul","status":"publish","type":"post","link":"https:\/\/www2.comunitaria.com.br\/en\/1-seminario-em-saude-do-trabalhador-sera-realizado-em-ametista-do-sul\/","title":{"rendered":"1\u00b0 Semin\u00e1rio em Sa\u00fade do Trabalhador ser\u00e1 realizado em Ametista do Sul"},"content":{"rendered":"<p style=\"text-align: justify;\">Ser\u00e1 realizado em Ametista do Sul, no dia 11 de mar\u00e7o, o I Semin\u00e1rio em Sa\u00fade do Trabalhador, realizado pela Cerest Macronorte de Palmeira das Miss\u00f5es e a Unidade Regional em Sa\u00fade do Trabalhador de Ametista do Sul (Urest).<\/p>\n<p style=\"text-align: justify;\">O semin\u00e1rio ser\u00e1 realizado no Sal\u00e3o da Prefeitura Municipal de Ametista, a partir das 8 horas. A programa\u00e7\u00e3o inclui palestras sobre agrot\u00f3xicos, agroecologia, insalubridade, sa\u00fade mental, direitos do assegurado, entre outros temas referentes a sa\u00fade do trabalhador garimpeiro.<\/p>\n<p style=\"text-align: justify;\">O evento conta com o apoio da ACIAS, AMPARO, COOGAMAI, 15\u00aa e 19\u00aa Coordenadorias Regionais de Sa\u00fade, EMATER, Prefeitura Municipal de Palmeira das Miss\u00f5es, Prefeitura Municipal de Ametista do Sul, R\u00e1dio Cristal, Secretaria de Agricultura, Educa\u00e7\u00e3o, Sa\u00fade e Assist\u00eancia Social, Movimento dos Pequenos Agricultores e Sindicato dos Trabalhadores Rurais de Ametista do Sul.<\/p>\n<p style=\"text-align: justify;\">Confira a <strong>programa\u00e7\u00e3o<\/strong>:<\/p>\n<p style=\"text-align: justify;\"><a href=\"http:\/\/www2.comunitaria.com.br\/en\/1-seminario-em-saude-do-trabalhador-sera-realizado-em-ametista-do-sul\/cerest-2\/\" rel=\"attachment wp-att-15592\"><img loading=\"lazy\" decoding=\"async\" class=\"aligncenter size-full wp-image-15592\" src=\"http:\/\/www2.comunitaria.com.br\/wp-content\/uploads\/2016\/02\/cerest-2.jpg\" alt=\"cerest 2\" width=\"2048\" height=\"1448\" srcset=\"https:\/\/www2.comunitaria.com.br\/wp-content\/uploads\/2016\/02\/cerest-2.jpg 1680w, https:\/\/www2.comunitaria.com.br\/wp-content\/uploads\/2016\/02\/cerest-2-300x212.jpg 300w, https:\/\/www2.comunitaria.com.br\/wp-content\/uploads\/2016\/02\/cerest-2-768x543.jpg 768w, https:\/\/www2.comunitaria.com.br\/wp-content\/uploads\/2016\/02\/cerest-2-1024x724.jpg 1024w\" sizes=\"auto, (max-width: 2048px) 100vw, 2048px\" \/><\/a><\/p>","protected":false},"excerpt":{"rendered":"<p>Ser\u00e1 realizado em Ametista do Sul, no dia 11 de mar\u00e7o, o I Semin\u00e1rio em Sa\u00fade do Trabalhador, realizado pela Cerest Macronorte de Palmeira das Miss\u00f5es e a Unidade Regional&#8230;<\/p>","protected":false},"author":2,"featured_media":15591,"comment_status":"open","ping_status":"closed","sticky":false,"template":"","format":"standard","meta":{"ngg_post_thumbnail":0,"footnotes":""},"categories":[33,43,37],"tags":[234,2495,895,175,939,2494],"class_list":["post-15590","post","type-post","status-publish","format-standard","has-post-thumbnail","hentry","category-noticias","category-regiao","category-saude","tag-ametista-do-sul","tag-garimpeiro","tag-palestras","tag-saude-2","tag-seminario","tag-trabalhador"],"amp_enabled":true,"_links":{"self":[{"href":"https:\/\/www2.comunitaria.com.br\/en\/wp-json\/wp\/v2\/posts\/15590","targetHints":{"allow":["GET"]}}],"collection":[{"href":"https:\/\/www2.comunitaria.com.br\/en\/wp-json\/wp\/v2\/posts"}],"about":[{"href":"https:\/\/www2.comunitaria.com.br\/en\/wp-json\/wp\/v2\/types\/post"}],"author":[{"embeddable":true,"href":"https:\/\/www2.comunitaria.com.br\/en\/wp-json\/wp\/v2\/users\/2"}],"replies":[{"embeddable":true,"href":"https:\/\/www2.comunitaria.com.br\/en\/wp-json\/wp\/v2\/comments?post=15590"}],"version-history":[{"count":0,"href":"https:\/\/www2.comunitaria.com.br\/en\/wp-json\/wp\/v2\/posts\/15590\/revisions"}],"wp:featuredmedia":[{"embeddable":true,"href":"https:\/\/www2.comunitaria.com.br\/en\/wp-json\/wp\/v2\/media\/15591"}],"wp:attachment":[{"href":"https:\/\/www2.comunitaria.com.br\/en\/wp-json\/wp\/v2\/media?parent=15590"}],"wp:term":[{"taxonomy":"category","embeddable":true,"href":"https:\/\/www2.comunitaria.com.br\/en\/wp-json\/wp\/v2\/categories?post=15590"},{"taxonomy":"post_tag","embeddable":true,"href":"https:\/\/www2.comunitaria.com.br\/en\/wp-json\/wp\/v2\/tags?post=15590"}],"curies":[{"name":"wp","href":"https:\/\/api.w.org\/{rel}","templated":true}]}}