{"id":15580,"date":"2016-02-25T17:03:24","date_gmt":"2016-02-25T19:03:24","guid":{"rendered":"http:\/\/www2.comunitaria.com.br\/?p=15580"},"modified":"2016-02-25T17:03:24","modified_gmt":"2016-02-25T19:03:24","slug":"plenaria-regional-debatera-politicas-para-agroindustrias-em-sarandi","status":"publish","type":"post","link":"https:\/\/www2.comunitaria.com.br\/en\/plenaria-regional-debatera-politicas-para-agroindustrias-em-sarandi\/","title":{"rendered":"Plen\u00e1ria Regional debater\u00e1 pol\u00edticas para agroind\u00fastrias em Sarandi"},"content":{"rendered":"<p style=\"text-align: justify;\">Uma Plen\u00e1ria Regional, realizada no s\u00e1bado, dia 27, contar\u00e1 com a presen\u00e7a do ex-ministro Gilberto Carvalho. O encontro tem como objetivo debater pol\u00edticas para agroind\u00fastrias, aproveitando a experi\u00eancia de Carvalho com o setor produtivo industrial, no setor governamental, industrial e com os Movimentos Sociais.<\/p>\n<p style=\"text-align: justify;\">Carvalho j\u00e1 atuou como ministro do ex-presidente Lula e ministro-chefe da Secretaria-Geral da presidenta Dilma Rousseff. Atualmente, \u00e9 presidente do Conselho Nacional do Sesi.<\/p>\n<p style=\"text-align: justify;\">A Plen\u00e1ria ser\u00e1 realizada \u00e0s 9h30min, no gin\u00e1sio da Crehnor, na Linha Jacutinga, em Sarandi. Antes, o ex-ministro participar\u00e1 de um caf\u00e9 com lideran\u00e7as da Cresol e Crehnor.<\/p>\n<div><strong>Foto: <\/strong>Marci Hences\/Assessora de Imprensa Deputado Federal Marcon<\/div>","protected":false},"excerpt":{"rendered":"<p>Uma Plen\u00e1ria Regional, realizada no s\u00e1bado, dia 27, contar\u00e1 com a presen\u00e7a do ex-ministro Gilberto Carvalho. O encontro tem como objetivo debater pol\u00edticas para agroind\u00fastrias, aproveitando a experi\u00eancia de Carvalho&#8230;<\/p>","protected":false},"author":2,"featured_media":15581,"comment_status":"open","ping_status":"closed","sticky":false,"template":"","format":"standard","meta":{"ngg_post_thumbnail":0,"footnotes":""},"categories":[33,38,43],"tags":[549,2490,1079,86,756],"class_list":["post-15580","post","type-post","status-publish","format-standard","has-post-thumbnail","hentry","category-noticias","category-politica","category-regiao","tag-agroindustrias","tag-plenaria","tag-politica","tag-regiao-2","tag-sarandi"],"amp_enabled":true,"_links":{"self":[{"href":"https:\/\/www2.comunitaria.com.br\/en\/wp-json\/wp\/v2\/posts\/15580","targetHints":{"allow":["GET"]}}],"collection":[{"href":"https:\/\/www2.comunitaria.com.br\/en\/wp-json\/wp\/v2\/posts"}],"about":[{"href":"https:\/\/www2.comunitaria.com.br\/en\/wp-json\/wp\/v2\/types\/post"}],"author":[{"embeddable":true,"href":"https:\/\/www2.comunitaria.com.br\/en\/wp-json\/wp\/v2\/users\/2"}],"replies":[{"embeddable":true,"href":"https:\/\/www2.comunitaria.com.br\/en\/wp-json\/wp\/v2\/comments?post=15580"}],"version-history":[{"count":0,"href":"https:\/\/www2.comunitaria.com.br\/en\/wp-json\/wp\/v2\/posts\/15580\/revisions"}],"wp:featuredmedia":[{"embeddable":true,"href":"https:\/\/www2.comunitaria.com.br\/en\/wp-json\/wp\/v2\/media\/15581"}],"wp:attachment":[{"href":"https:\/\/www2.comunitaria.com.br\/en\/wp-json\/wp\/v2\/media?parent=15580"}],"wp:term":[{"taxonomy":"category","embeddable":true,"href":"https:\/\/www2.comunitaria.com.br\/en\/wp-json\/wp\/v2\/categories?post=15580"},{"taxonomy":"post_tag","embeddable":true,"href":"https:\/\/www2.comunitaria.com.br\/en\/wp-json\/wp\/v2\/tags?post=15580"}],"curies":[{"name":"wp","href":"https:\/\/api.w.org\/{rel}","templated":true}]}}