{"id":15429,"date":"2016-02-22T15:35:38","date_gmt":"2016-02-22T17:35:38","guid":{"rendered":"http:\/\/www2.comunitaria.com.br\/?p=15429"},"modified":"2016-02-22T15:35:38","modified_gmt":"2016-02-22T17:35:38","slug":"1a-feirinha-de-adocao-em-tenente-portela-da-novos-lares-a-caes-e-gatos","status":"publish","type":"post","link":"https:\/\/www2.comunitaria.com.br\/en\/1a-feirinha-de-adocao-em-tenente-portela-da-novos-lares-a-caes-e-gatos\/","title":{"rendered":"1\u00aa Feirinha de Ado\u00e7\u00e3o em Tenente Portela d\u00e1 novos lares a c\u00e3es e gatos"},"content":{"rendered":"<p style=\"text-align: justify;\">A Pra\u00e7a do \u00cdndio foi o lugar escolhido para a realiza\u00e7\u00e3o de um evento diferente no \u00faltimo s\u00e1bado, 20, em Tenente Portela. A 1\u00aa Feirinha de Ado\u00e7\u00e3o, promovida pelo Projeto AmiC\u00e3o, que \u00e9 desenvolvido pela Organiza\u00e7\u00e3o de Desenvolvimento Socioambiental e Comunit\u00e1rio (Odesc), foi um verdadeiro sucesso.<\/p>\n<p style=\"text-align: justify;\">Dos 13 animais que foram disponibilizados para ado\u00e7\u00e3o \u2013 11 c\u00e3es e dois filhotes de gato \u2013 todos foram adotados e ter\u00e3o um novo lar. E olha que n\u00e3o demorou muito. Em menos de uma hora n\u00e3o havia mais nenhum animal para ado\u00e7\u00e3o. Quem adotou preencheu um formul\u00e1rio e assinou um termo de responsabilidade se comprometendo em manter os animais em local adequado e limpo, controlar a vacina\u00e7\u00e3o e n\u00e3o maltratar. E muitas pessoas ainda preencheram um cadastro reserva \u00e0 espera de animais para ado\u00e7\u00e3o.<\/p>\n<p style=\"text-align: justify;\">O projeto tem por objetivo principal a conscientiza\u00e7\u00e3o do cuidado que se deve ter com animais dom\u00e9sticos. Como n\u00e3o h\u00e1 canil em Tenente Portela, os animais recolhidos s\u00e3o encaminhados aos m\u00e9dicos veterin\u00e1rios parceiros, que fazem o primeiro atendimento e ap\u00f3s, v\u00e3o para lares tempor\u00e1rios, ou seja, pessoas que se disponibilizam a cuidar dos animais at\u00e9 que eles se recuperem, e ent\u00e3o s\u00e3o encaminhados para ado\u00e7\u00e3o.<\/p>\n<p style=\"text-align: justify;\"><strong>Vanessa Harlos\/Folha do Noroeste<\/strong><\/p>","protected":false},"excerpt":{"rendered":"<p>A Pra\u00e7a do \u00cdndio foi o lugar escolhido para a realiza\u00e7\u00e3o de um evento diferente no \u00faltimo s\u00e1bado, 20, em Tenente Portela. A 1\u00aa Feirinha de Ado\u00e7\u00e3o, promovida pelo Projeto&#8230;<\/p>","protected":false},"author":2,"featured_media":15430,"comment_status":"open","ping_status":"closed","sticky":false,"template":"","format":"standard","meta":{"ngg_post_thumbnail":0,"footnotes":""},"categories":[33,43,35],"tags":[2224,738,592,2472,2473,98],"class_list":["post-15429","post","type-post","status-publish","format-standard","has-post-thumbnail","hentry","category-noticias","category-regiao","category-variedades","tag-adocao","tag-animais","tag-feira","tag-odesc","tag-projeto-amicao","tag-tenente-portela"],"amp_enabled":true,"_links":{"self":[{"href":"https:\/\/www2.comunitaria.com.br\/en\/wp-json\/wp\/v2\/posts\/15429","targetHints":{"allow":["GET"]}}],"collection":[{"href":"https:\/\/www2.comunitaria.com.br\/en\/wp-json\/wp\/v2\/posts"}],"about":[{"href":"https:\/\/www2.comunitaria.com.br\/en\/wp-json\/wp\/v2\/types\/post"}],"author":[{"embeddable":true,"href":"https:\/\/www2.comunitaria.com.br\/en\/wp-json\/wp\/v2\/users\/2"}],"replies":[{"embeddable":true,"href":"https:\/\/www2.comunitaria.com.br\/en\/wp-json\/wp\/v2\/comments?post=15429"}],"version-history":[{"count":0,"href":"https:\/\/www2.comunitaria.com.br\/en\/wp-json\/wp\/v2\/posts\/15429\/revisions"}],"wp:featuredmedia":[{"embeddable":true,"href":"https:\/\/www2.comunitaria.com.br\/en\/wp-json\/wp\/v2\/media\/15430"}],"wp:attachment":[{"href":"https:\/\/www2.comunitaria.com.br\/en\/wp-json\/wp\/v2\/media?parent=15429"}],"wp:term":[{"taxonomy":"category","embeddable":true,"href":"https:\/\/www2.comunitaria.com.br\/en\/wp-json\/wp\/v2\/categories?post=15429"},{"taxonomy":"post_tag","embeddable":true,"href":"https:\/\/www2.comunitaria.com.br\/en\/wp-json\/wp\/v2\/tags?post=15429"}],"curies":[{"name":"wp","href":"https:\/\/api.w.org\/{rel}","templated":true}]}}