{"id":15425,"date":"2016-02-22T15:07:30","date_gmt":"2016-02-22T17:07:30","guid":{"rendered":"http:\/\/www2.comunitaria.com.br\/?p=15425"},"modified":"2016-02-22T15:07:30","modified_gmt":"2016-02-22T17:07:30","slug":"primeira-turma-do-empretec-2016-conclui-curso","status":"publish","type":"post","link":"https:\/\/www2.comunitaria.com.br\/en\/primeira-turma-do-empretec-2016-conclui-curso\/","title":{"rendered":"Primeira turma do Empretec 2016 conclui curso"},"content":{"rendered":"<p style=\"text-align: justify;\">Foram seis dias de intensas atividades realizadas pelos 24 empretecos que conclu\u00edram o curso no \u00faltimo s\u00e1bado, 20. <a href=\"http:\/\/www2.comunitaria.com.br\/en\/em-parceria-com-o-sebrae-acifw-promove-mais-uma-edicao-do-empretec\/\" target=\"_blank\">Uma parceria ACI\/FW e SEBRAE<\/a> que traz muitos frutos aos empreendedores e futuros empreendedores da cidade de Frederico Westphalen, consagrou com muito sucesso a primeira edi\u00e7\u00e3o do semin\u00e1rio no ano de 2016.<\/p>\n<p style=\"text-align: justify;\">\u201cO semin\u00e1rio do Empretec abriu meus horizontes, foi um grande divisor de \u00e1guas em minha vida\u201d comentou o empreteco Fabiano Ferrari.<\/p>\n<p style=\"text-align: justify;\">A pr\u00f3xima edi\u00e7\u00e3o do Empretec ainda n\u00e3o tem data certa, mas voc\u00ea j\u00e1 pode entrar em contato com a ACI\/FW e colocar seu nome na lista de espera pelo telefone <span data-numbertocall=\"+555537444244\" data-numbertype=\"paid\" data-isfreecall=\"false\" data-isrtl=\"false\" data-ismobile=\"false\">(55) 3744-4244<\/span>.<\/p>\n<p style=\"text-align: justify;\">\u201cNingu\u00e9m sai ileso de um Empretec. Nem voc\u00ea, nem sua empresa\u201d<\/p>\n<p style=\"text-align: justify;\"><strong>Assessoria de Imprensa ACI\/FW<\/strong><\/p>\n<p style=\"text-align: justify;\">","protected":false},"excerpt":{"rendered":"<p>Foram seis dias de intensas atividades realizadas pelos 24 empretecos que conclu\u00edram o curso no \u00faltimo s\u00e1bado, 20. Uma parceria ACI\/FW e SEBRAE que traz muitos frutos aos empreendedores e futuros empreendedores da cidade de Frederico Westphalen, consagrou com muito sucesso a primeira edi\u00e7\u00e3o do semin\u00e1rio no ano de 2016. \u201cO semin\u00e1rio do Empretec abriu<\/p>\n<div class=\"read-more-wrapper\"><a class=\"read-more\" href=\"https:\/\/www2.comunitaria.com.br\/en\/primeira-turma-do-empretec-2016-conclui-curso\/\" title=\"Read More\"> <span class=\"button\">Read More<\/span><\/a><\/div>","protected":false},"author":2,"featured_media":15426,"comment_status":"open","ping_status":"closed","sticky":false,"template":"","format":"standard","meta":{"ngg_post_thumbnail":0,"footnotes":""},"categories":[44,42,33],"tags":[200,410,1020,222,2344,1399],"class_list":["post-15425","post","type-post","status-publish","format-standard","has-post-thumbnail","hentry","category-educacao","category-fred-west","category-noticias","tag-aci","tag-comercio","tag-curso","tag-empresas","tag-empretec","tag-sebrae"],"amp_enabled":true,"_links":{"self":[{"href":"https:\/\/www2.comunitaria.com.br\/en\/wp-json\/wp\/v2\/posts\/15425","targetHints":{"allow":["GET"]}}],"collection":[{"href":"https:\/\/www2.comunitaria.com.br\/en\/wp-json\/wp\/v2\/posts"}],"about":[{"href":"https:\/\/www2.comunitaria.com.br\/en\/wp-json\/wp\/v2\/types\/post"}],"author":[{"embeddable":true,"href":"https:\/\/www2.comunitaria.com.br\/en\/wp-json\/wp\/v2\/users\/2"}],"replies":[{"embeddable":true,"href":"https:\/\/www2.comunitaria.com.br\/en\/wp-json\/wp\/v2\/comments?post=15425"}],"version-history":[{"count":0,"href":"https:\/\/www2.comunitaria.com.br\/en\/wp-json\/wp\/v2\/posts\/15425\/revisions"}],"wp:featuredmedia":[{"embeddable":true,"href":"https:\/\/www2.comunitaria.com.br\/en\/wp-json\/wp\/v2\/media\/15426"}],"wp:attachment":[{"href":"https:\/\/www2.comunitaria.com.br\/en\/wp-json\/wp\/v2\/media?parent=15425"}],"wp:term":[{"taxonomy":"category","embeddable":true,"href":"https:\/\/www2.comunitaria.com.br\/en\/wp-json\/wp\/v2\/categories?post=15425"},{"taxonomy":"post_tag","embeddable":true,"href":"https:\/\/www2.comunitaria.com.br\/en\/wp-json\/wp\/v2\/tags?post=15425"}],"curies":[{"name":"wp","href":"https:\/\/api.w.org\/{rel}","templated":true}]}}