{"id":15209,"date":"2016-02-17T10:47:23","date_gmt":"2016-02-17T12:47:23","guid":{"rendered":"http:\/\/www2.comunitaria.com.br\/?p=15209"},"modified":"2016-02-17T10:47:23","modified_gmt":"2016-02-17T12:47:23","slug":"manifestacao-pede-justica-por-homicidio-em-rodeio-bonito","status":"publish","type":"post","link":"https:\/\/www2.comunitaria.com.br\/en\/manifestacao-pede-justica-por-homicidio-em-rodeio-bonito\/","title":{"rendered":"Manifesta\u00e7\u00e3o pede justi\u00e7a por homic\u00eddio em Rodeio Bonito"},"content":{"rendered":"<div class=\"texto\">\n<p style=\"text-align: justify;\">Aproximadamente 100 pessoas entre familiares e amigos de <a href=\"http:\/\/www2.comunitaria.com.br\/en\/briga-em-oficina-deixa-um-morto-e-um-baleado-em-rodeio-bonito\/\" target=\"_blank\">Rudinei Lima, morto a tiros no dia 10, em Rodeio Bonito<\/a>, participaram de uma caminhada pedindo por justi\u00e7a no fim da tarde desta ter\u00e7a-feira, 16. Os manifestantes se reuniram na pra\u00e7a Gildo Possamai e percorreram parte da Avenida do Com\u00e9rcio carregando cartazes com fotos da v\u00edtima, al\u00e9m de bal\u00f5es brancos e pretos. A caminhada seguiu at\u00e9 o Cemit\u00e9rio Municipal onde aconteceu o ter\u00e7o de s\u00e9timo dia. O autor dos disparos, I.M.S., 66 anos,\u00a0j\u00e1 se <a href=\"http:\/\/www2.comunitaria.com.br\/en\/suspeito-de-homicidio-se-apresenta-a-policia-em-rodeio-bonito\/\" target=\"_blank\">apresentou a Delegacia de Pol\u00edcia<\/a>, onde entregou a arma do crime e alegou leg\u00edtima defesa. Ele responder\u00e1 pelo homic\u00eddio e uma tentativa de homic\u00eddio a um amigo de Rudinei, em liberdade.<\/p>\n<p style=\"text-align: justify;\"><strong>Texto: <\/strong>F\u00e1bio Pelinson\/O Alto Uruguai<strong><br \/>\nFoto: <\/strong>Josias Marques\/In Foco RS<strong><br \/>\n<\/strong><\/p>\n<\/div>\n<div style=\"text-align: justify;\"><\/div>","protected":false},"excerpt":{"rendered":"<p>Aproximadamente 100 pessoas entre familiares e amigos de Rudinei Lima, morto a tiros no dia 10, em Rodeio Bonito, participaram de uma caminhada pedindo por justi\u00e7a no fim da tarde desta ter\u00e7a-feira, 16. Os manifestantes se reuniram na pra\u00e7a Gildo Possamai e percorreram parte da Avenida do Com\u00e9rcio carregando cartazes com fotos da v\u00edtima, al\u00e9m<\/p>\n<div class=\"read-more-wrapper\"><a class=\"read-more\" href=\"https:\/\/www2.comunitaria.com.br\/en\/manifestacao-pede-justica-por-homicidio-em-rodeio-bonito\/\" title=\"Read More\"> <span class=\"button\">Read More<\/span><\/a><\/div>","protected":false},"author":2,"featured_media":15210,"comment_status":"open","ping_status":"closed","sticky":false,"template":"","format":"standard","meta":{"ngg_post_thumbnail":0,"footnotes":""},"categories":[33,36,43],"tags":[231,1500,177,86,1471],"class_list":["post-15209","post","type-post","status-publish","format-standard","has-post-thumbnail","hentry","category-noticias","category-policia","category-regiao","tag-homicidio","tag-manifestacao","tag-policia-2","tag-regiao-2","tag-rodeio-bonito"],"amp_enabled":true,"_links":{"self":[{"href":"https:\/\/www2.comunitaria.com.br\/en\/wp-json\/wp\/v2\/posts\/15209","targetHints":{"allow":["GET"]}}],"collection":[{"href":"https:\/\/www2.comunitaria.com.br\/en\/wp-json\/wp\/v2\/posts"}],"about":[{"href":"https:\/\/www2.comunitaria.com.br\/en\/wp-json\/wp\/v2\/types\/post"}],"author":[{"embeddable":true,"href":"https:\/\/www2.comunitaria.com.br\/en\/wp-json\/wp\/v2\/users\/2"}],"replies":[{"embeddable":true,"href":"https:\/\/www2.comunitaria.com.br\/en\/wp-json\/wp\/v2\/comments?post=15209"}],"version-history":[{"count":0,"href":"https:\/\/www2.comunitaria.com.br\/en\/wp-json\/wp\/v2\/posts\/15209\/revisions"}],"wp:featuredmedia":[{"embeddable":true,"href":"https:\/\/www2.comunitaria.com.br\/en\/wp-json\/wp\/v2\/media\/15210"}],"wp:attachment":[{"href":"https:\/\/www2.comunitaria.com.br\/en\/wp-json\/wp\/v2\/media?parent=15209"}],"wp:term":[{"taxonomy":"category","embeddable":true,"href":"https:\/\/www2.comunitaria.com.br\/en\/wp-json\/wp\/v2\/categories?post=15209"},{"taxonomy":"post_tag","embeddable":true,"href":"https:\/\/www2.comunitaria.com.br\/en\/wp-json\/wp\/v2\/tags?post=15209"}],"curies":[{"name":"wp","href":"https:\/\/api.w.org\/{rel}","templated":true}]}}