{"id":15090,"date":"2016-02-15T11:46:07","date_gmt":"2016-02-15T13:46:07","guid":{"rendered":"http:\/\/www2.comunitaria.com.br\/?p=15090"},"modified":"2016-02-15T11:46:09","modified_gmt":"2016-02-15T13:46:09","slug":"cotrifred-realizara-assembleia-geral-no-dia-27","status":"publish","type":"post","link":"https:\/\/www2.comunitaria.com.br\/en\/cotrifred-realizara-assembleia-geral-no-dia-27\/","title":{"rendered":"Cotrifred realizar\u00e1 Assembleia Geral no dia 27"},"content":{"rendered":"<p>A Cooperativa Trit\u00edcola Frederico Westphalen, Cotrifred, realizar\u00e1 no dia 27 de fevereiro uma Assembleia Geral Ordin\u00e1ria para os associados.<\/p>\n<p>A Assembleia ser\u00e1 realizada no sal\u00e3o do Bairro Aparecida, \u00e0s 10h30min e apresentar\u00e1 as a\u00e7\u00f5es e resultados da cooperativa em 2015. Tamb\u00e9m ser\u00e1 realizada a vota\u00e7\u00e3o da escolha da chapa que assumir\u00e1 a dire\u00e7\u00e3o pelos pr\u00f3ximos tr\u00eas anos.<\/p>\n<p><a href=\"http:\/\/www2.comunitaria.com.br\/en\/cotrifred-realizara-assembleia-geral-no-dia-27\/ago\/\" rel=\"attachment wp-att-15091\"><img loading=\"lazy\" decoding=\"async\" class=\"aligncenter size-full wp-image-15091\" src=\"http:\/\/www2.comunitaria.com.br\/wp-content\/uploads\/2016\/02\/AGO.jpg\" alt=\"AGO\" width=\"1890\" height=\"1181\" srcset=\"https:\/\/www2.comunitaria.com.br\/wp-content\/uploads\/2016\/02\/AGO.jpg 1680w, https:\/\/www2.comunitaria.com.br\/wp-content\/uploads\/2016\/02\/AGO-300x187.jpg 300w, https:\/\/www2.comunitaria.com.br\/wp-content\/uploads\/2016\/02\/AGO-768x480.jpg 768w, https:\/\/www2.comunitaria.com.br\/wp-content\/uploads\/2016\/02\/AGO-1024x640.jpg 1024w\" sizes=\"auto, (max-width: 1890px) 100vw, 1890px\" \/><\/a><\/p>","protected":false},"excerpt":{"rendered":"<p>A Cooperativa Trit\u00edcola Frederico Westphalen, Cotrifred, realizar\u00e1 no dia 27 de fevereiro uma Assembleia Geral Ordin\u00e1ria para os associados. A Assembleia ser\u00e1 realizada no sal\u00e3o do Bairro Aparecida, \u00e0s 10h30min e apresentar\u00e1 as a\u00e7\u00f5es e resultados da cooperativa em 2015. Tamb\u00e9m ser\u00e1 realizada a vota\u00e7\u00e3o da escolha da chapa que assumir\u00e1 a dire\u00e7\u00e3o pelos pr\u00f3ximos<\/p>\n<div class=\"read-more-wrapper\"><a class=\"read-more\" href=\"https:\/\/www2.comunitaria.com.br\/en\/cotrifred-realizara-assembleia-geral-no-dia-27\/\" title=\"Read More\"> <span class=\"button\">Read More<\/span><\/a><\/div>","protected":false},"author":2,"featured_media":15092,"comment_status":"open","ping_status":"closed","sticky":false,"template":"","format":"standard","meta":{"ngg_post_thumbnail":0,"footnotes":""},"categories":[42,33],"tags":[262,2093,114,82],"class_list":["post-15090","post","type-post","status-publish","format-standard","has-post-thumbnail","hentry","category-fred-west","category-noticias","tag-assembleia","tag-associados","tag-cotrifred","tag-frederico-westphalen"],"amp_enabled":true,"_links":{"self":[{"href":"https:\/\/www2.comunitaria.com.br\/en\/wp-json\/wp\/v2\/posts\/15090","targetHints":{"allow":["GET"]}}],"collection":[{"href":"https:\/\/www2.comunitaria.com.br\/en\/wp-json\/wp\/v2\/posts"}],"about":[{"href":"https:\/\/www2.comunitaria.com.br\/en\/wp-json\/wp\/v2\/types\/post"}],"author":[{"embeddable":true,"href":"https:\/\/www2.comunitaria.com.br\/en\/wp-json\/wp\/v2\/users\/2"}],"replies":[{"embeddable":true,"href":"https:\/\/www2.comunitaria.com.br\/en\/wp-json\/wp\/v2\/comments?post=15090"}],"version-history":[{"count":0,"href":"https:\/\/www2.comunitaria.com.br\/en\/wp-json\/wp\/v2\/posts\/15090\/revisions"}],"wp:featuredmedia":[{"embeddable":true,"href":"https:\/\/www2.comunitaria.com.br\/en\/wp-json\/wp\/v2\/media\/15092"}],"wp:attachment":[{"href":"https:\/\/www2.comunitaria.com.br\/en\/wp-json\/wp\/v2\/media?parent=15090"}],"wp:term":[{"taxonomy":"category","embeddable":true,"href":"https:\/\/www2.comunitaria.com.br\/en\/wp-json\/wp\/v2\/categories?post=15090"},{"taxonomy":"post_tag","embeddable":true,"href":"https:\/\/www2.comunitaria.com.br\/en\/wp-json\/wp\/v2\/tags?post=15090"}],"curies":[{"name":"wp","href":"https:\/\/api.w.org\/{rel}","templated":true}]}}