{"id":15082,"date":"2016-02-15T10:00:08","date_gmt":"2016-02-15T12:00:08","guid":{"rendered":"http:\/\/www2.comunitaria.com.br\/?p=15082"},"modified":"2016-02-15T10:00:08","modified_gmt":"2016-02-15T12:00:08","slug":"boletim-dos-bombeiros-guarnicao-atende-ferido-em-abordagem-no-bairro-aparecida","status":"publish","type":"post","link":"https:\/\/www2.comunitaria.com.br\/en\/boletim-dos-bombeiros-guarnicao-atende-ferido-em-abordagem-no-bairro-aparecida\/","title":{"rendered":"Boletim dos Bombeiros: guarni\u00e7\u00e3o atende ferido em abordagem no Bairro Aparecida"},"content":{"rendered":"<p style=\"text-align: justify;\">O Corpo de Bombeiros registrou um atendimento no s\u00e1bado, dia 13, por volta das 7h25min, quando a Brigada Militar solicitou que a guarni\u00e7\u00e3o se deslocasse para atender um ferido durante <a href=\"http:\/\/www2.comunitaria.com.br\/en\/homens-sao-detidos-por-agressao-a-policiais-no-bairro-aparecida\/\" target=\"_blank\">abordagem<\/a>. O indiv\u00edduo foi encaminhado at\u00e9 o Hospital Divina Provid\u00eancia.<\/p>\n<p style=\"text-align: justify;\">O Soldado Jacson fala sobre a ocorr\u00eancia e orienta sobre a liga\u00e7\u00e3o para acionar a guarni\u00e7\u00e3o:<\/p>\n<audio class=\"wp-audio-shortcode\" id=\"audio-15082-1\" preload=\"none\" style=\"width: 100%;\" controls=\"controls\"><source type=\"audio\/mpeg\" src=\"http:\/\/www2.comunitaria.com.br\/wp-content\/uploads\/2016\/02\/bombeiro.mp3?_=1\" \/><a href=\"http:\/\/www2.comunitaria.com.br\/wp-content\/uploads\/2016\/02\/bombeiro.mp3\">http:\/\/www2.comunitaria.com.br\/wp-content\/uploads\/2016\/02\/bombeiro.mp3<\/a><\/audio>\n<p style=\"text-align: justify;\"><strong>Foto:<\/strong> Cristiane Luza\/Folha do Noroeste<\/p>","protected":false},"excerpt":{"rendered":"<p>O Corpo de Bombeiros registrou um atendimento no s\u00e1bado, dia 13, por volta das 7h25min, quando a Brigada Militar solicitou que a guarni\u00e7\u00e3o se deslocasse para atender um ferido durante&#8230;<\/p>","protected":false},"author":2,"featured_media":15085,"comment_status":"open","ping_status":"closed","sticky":false,"template":"","format":"standard","meta":{"ngg_post_thumbnail":0,"footnotes":""},"categories":[41,42,33,36],"tags":[2435,1933,830,911,2434,82],"class_list":["post-15082","post","type-post","status-publish","format-standard","has-post-thumbnail","hentry","category-boletim-dos-bombeiros","category-fred-west","category-noticias","category-policia","tag-abordagem","tag-bairro-aparecida","tag-boletim-dos-bombeiros","tag-brigada-militar","tag-ferido","tag-frederico-westphalen"],"amp_enabled":true,"_links":{"self":[{"href":"https:\/\/www2.comunitaria.com.br\/en\/wp-json\/wp\/v2\/posts\/15082","targetHints":{"allow":["GET"]}}],"collection":[{"href":"https:\/\/www2.comunitaria.com.br\/en\/wp-json\/wp\/v2\/posts"}],"about":[{"href":"https:\/\/www2.comunitaria.com.br\/en\/wp-json\/wp\/v2\/types\/post"}],"author":[{"embeddable":true,"href":"https:\/\/www2.comunitaria.com.br\/en\/wp-json\/wp\/v2\/users\/2"}],"replies":[{"embeddable":true,"href":"https:\/\/www2.comunitaria.com.br\/en\/wp-json\/wp\/v2\/comments?post=15082"}],"version-history":[{"count":0,"href":"https:\/\/www2.comunitaria.com.br\/en\/wp-json\/wp\/v2\/posts\/15082\/revisions"}],"wp:featuredmedia":[{"embeddable":true,"href":"https:\/\/www2.comunitaria.com.br\/en\/wp-json\/wp\/v2\/media\/15085"}],"wp:attachment":[{"href":"https:\/\/www2.comunitaria.com.br\/en\/wp-json\/wp\/v2\/media?parent=15082"}],"wp:term":[{"taxonomy":"category","embeddable":true,"href":"https:\/\/www2.comunitaria.com.br\/en\/wp-json\/wp\/v2\/categories?post=15082"},{"taxonomy":"post_tag","embeddable":true,"href":"https:\/\/www2.comunitaria.com.br\/en\/wp-json\/wp\/v2\/tags?post=15082"}],"curies":[{"name":"wp","href":"https:\/\/api.w.org\/{rel}","templated":true}]}}