{"id":15023,"date":"2016-02-12T14:11:34","date_gmt":"2016-02-12T16:11:34","guid":{"rendered":"http:\/\/www2.comunitaria.com.br\/?p=15023"},"modified":"2016-02-12T14:11:34","modified_gmt":"2016-02-12T16:11:34","slug":"secretaria-da-saude-esta-realizando-acao-em-fw-contra-o-aedes-aegypti-nesta-sexta-feira","status":"publish","type":"post","link":"https:\/\/www2.comunitaria.com.br\/en\/secretaria-da-saude-esta-realizando-acao-em-fw-contra-o-aedes-aegypti-nesta-sexta-feira\/","title":{"rendered":"Secretaria da Sa\u00fade est\u00e1 realizando a\u00e7\u00e3o em FW contra o Aedes aegypti nesta sexta-feira"},"content":{"rendered":"<p style=\"text-align: justify;\">A Secretaria Municipal da Sa\u00fade de Frederico Westphalen trabalha intensamente para combater o mosquito Aedes aegypti, que causa doen\u00e7as como a dengue, <em>chikungunya<\/em>\u00a0e o perigoso v\u00edrus da zika. Na quinta-feira, 11, aconteceu uma reuni\u00e3o com a Secret\u00e1ria Municipal da Sa\u00fade Marly Vendruscolo, agentes do Programa Primeira Inf\u00e2ncia Melhor (PIM), agentes de Combate a Endemias e agentes de Sa\u00fade. A reuni\u00e3o teve como prop\u00f3sito trabalhar a A\u00e7\u00e3o Nacional, que na maioria dos munic\u00edpios ser\u00e1 realizada no dia 13, s\u00e1bado.<\/p>\n<p style=\"text-align: justify;\">J\u00e1 em Frederico Westphalen a a\u00e7\u00e3o est\u00e1 sendo realizada nesta sexta-feira, 12. \u201cOptamos em realizar esta a\u00e7\u00e3o amanh\u00e3 por entender a situa\u00e7\u00e3o e perceber o maior \u00eaxito de orienta\u00e7\u00e3o e distribui\u00e7\u00e3o de sacos de lixo. Para que assim, no s\u00e1bado a comunidade possa estar fazendo a coleta de lixo e a limpeza de seus terrenos\u201d, explica a secret\u00e1ria.<\/p>\n<p style=\"text-align: justify;\">Dessa forma durante toda a sexta-feira, 12, a popula\u00e7\u00e3o vai poder encontrar com os agentes de Sa\u00fade e de Endemias, que estar\u00e3o espalhados pela cidade promovendo a conscientiza\u00e7\u00e3o e realizando a entrega de sacos de lixo. No total ser\u00e3o distribu\u00eddos 500 sacos com capacidade de 200 litros cada. Al\u00e9m disso, a popula\u00e7\u00e3o tamb\u00e9m poder\u00e1 entrar em contato, nesta sexta-feira, com os Agentes da Dengue em pontos fixos, que foram selecionados conforme o n\u00famero de focos registrados.\u00a0 A Emater\/ RS &#8211; Ascar tamb\u00e9m est\u00e1 envolvida nas atividades de combate ao mosquito Aedes aegypti. Representantes da Emater acompanharam as agentes na a\u00e7\u00e3o desta sexta-feira e, posterior a isso, seguir\u00e3o realizando visitas no interior, bem como difundindo informa\u00e7\u00f5es sobre preven\u00e7\u00e3o e combate ao mosquito.<\/p>\n<p style=\"text-align: justify;\">A Secret\u00e1ria Municipal da Sa\u00fade Marly Vendruscolo, diz que colabora\u00e7\u00e3o \u00e9 a palavra chave nesta guerra contra o mosquito.\u00a0 \u201cEstamos trabalhando fortemente no combate. A colabora\u00e7\u00e3o da popula\u00e7\u00e3o \u00e9 essencial, porque s\u00f3 com o nosso esfor\u00e7o e com o esfor\u00e7o de cada um da comunidade, vamos eliminar o mosquito. \u00c9 preciso que cada um fa\u00e7a sua parte.\u201d<\/p>\n<p style=\"text-align: justify;\">Na pr\u00f3xima quarta-feira, 17, cerca de 25 homens do ex\u00e9rcito v\u00e3o estar em \u00a0Frederico Westphalen auxiliando os agentes,\u00a0 promovendo a conscientiza\u00e7\u00e3o e trabalhando na elimina\u00e7\u00e3o nos bairros com maior n\u00famero de focos do mosquito. Segundo a Secret\u00e1ria Marly, por meio do Minist\u00e9rio da Sa\u00fade e o Minist\u00e9rio das For\u00e7as Armadas, foram disponibilizados, a partir do dia 13 de fevereiro, cerca de 200 mil homens para todo o pa\u00eds. Sendo em torno de 200 apenas para o Rio Grande do Sul. E na regi\u00e3o de Frederico Westphalen eles foram distribu\u00eddos conforme o n\u00famero de focos.<\/p>\n<p style=\"text-align: justify;\">Ao mesmo tempo, as atividades de rotina permanecem, como monitoramento dos pontos estrat\u00e9gicos (cemit\u00e9rios, floriculturas, ferros-velhos e piscinas), visitas a resid\u00eancias e orienta\u00e7\u00f5es nas escolas e empresas.<strong>\u00a0<\/strong><\/p>\n<p style=\"text-align: justify;\"><strong>Confira os pontos espec\u00edficos para a distribui\u00e7\u00e3o dos sacos de lixo\u00a0 <\/strong><\/p>\n<ul>\n<li style=\"text-align: justify;\">Bairro Jardim Primavera &#8211; Posto de Sa\u00fade e na Creche<\/li>\n<li style=\"text-align: justify;\">Centrinho do Bairro S\u00e3o Jos\u00e9<\/li>\n<li style=\"text-align: justify;\">Bairro S\u00e3o Francisco de Paula \u2013 Posto de Sa\u00fade<\/li>\n<li style=\"text-align: justify;\">N\u00facleo 01 &#8211; em frente ao mercado Peretto<\/li>\n<li style=\"text-align: justify;\">N\u00facleo 05 &#8211; Em frente a Pra\u00e7inha<\/li>\n<li style=\"text-align: justify;\">Bairro Pedreira<\/li>\n<\/ul>\n<p style=\"text-align: justify;\"><strong>Confira dicas algumas dicas de preven\u00e7\u00e3o:<\/strong><\/p>\n<ul>\n<li style=\"text-align: justify;\">N\u00e3o guarde pneus velhos.<\/li>\n<li style=\"text-align: justify;\">Feche caixas d\u00b4 \u00e1gua, ton\u00e9is e lat\u00f5es.<\/li>\n<li style=\"text-align: justify;\">Trate a \u00e1gua da piscina com cloro.<\/li>\n<li style=\"text-align: justify;\">Coloque areia nos cacos de vidro dos muros.<\/li>\n<li style=\"text-align: justify;\">Limpe com escova\u00e7\u00e3o os bebedouros de animais.<\/li>\n<li style=\"text-align: justify;\">N\u00e3o acumule \u00e1gua nos pratos dos vasos de plantas. Encha-os com areia.<\/li>\n<li style=\"text-align: justify;\">Coloque embalagens de vidro, lata e pl\u00e1stico em lixeira bem fechada.<\/li>\n<li style=\"text-align: justify;\">Mantenha desentupidos os ralos, canos, calhas, toldos e marquises.<\/li>\n<\/ul>\n<p style=\"text-align: justify;\"><strong>ASCOM Prefeitura de FW<br \/>\n<\/strong><\/p>","protected":false},"excerpt":{"rendered":"<p>A Secretaria Municipal da Sa\u00fade de Frederico Westphalen trabalha intensamente para combater o mosquito Aedes aegypti, que causa doen\u00e7as como a dengue, chikungunya\u00a0e o perigoso v\u00edrus da zika. Na quinta-feira,&#8230;<\/p>","protected":false},"author":2,"featured_media":15024,"comment_status":"open","ping_status":"closed","sticky":false,"template":"","format":"standard","meta":{"ngg_post_thumbnail":0,"footnotes":""},"categories":[42,28,33,37],"tags":[2133,2319,832,82,175,818,2213],"class_list":["post-15023","post","type-post","status-publish","format-standard","has-post-thumbnail","hentry","category-fred-west","category-destaque","category-noticias","category-saude","tag-aedes-aegypti","tag-chikungunya","tag-dengue","tag-frederico-westphalen","tag-saude-2","tag-secretaria-de-saude","tag-zika"],"amp_enabled":true,"_links":{"self":[{"href":"https:\/\/www2.comunitaria.com.br\/en\/wp-json\/wp\/v2\/posts\/15023","targetHints":{"allow":["GET"]}}],"collection":[{"href":"https:\/\/www2.comunitaria.com.br\/en\/wp-json\/wp\/v2\/posts"}],"about":[{"href":"https:\/\/www2.comunitaria.com.br\/en\/wp-json\/wp\/v2\/types\/post"}],"author":[{"embeddable":true,"href":"https:\/\/www2.comunitaria.com.br\/en\/wp-json\/wp\/v2\/users\/2"}],"replies":[{"embeddable":true,"href":"https:\/\/www2.comunitaria.com.br\/en\/wp-json\/wp\/v2\/comments?post=15023"}],"version-history":[{"count":0,"href":"https:\/\/www2.comunitaria.com.br\/en\/wp-json\/wp\/v2\/posts\/15023\/revisions"}],"wp:featuredmedia":[{"embeddable":true,"href":"https:\/\/www2.comunitaria.com.br\/en\/wp-json\/wp\/v2\/media\/15024"}],"wp:attachment":[{"href":"https:\/\/www2.comunitaria.com.br\/en\/wp-json\/wp\/v2\/media?parent=15023"}],"wp:term":[{"taxonomy":"category","embeddable":true,"href":"https:\/\/www2.comunitaria.com.br\/en\/wp-json\/wp\/v2\/categories?post=15023"},{"taxonomy":"post_tag","embeddable":true,"href":"https:\/\/www2.comunitaria.com.br\/en\/wp-json\/wp\/v2\/tags?post=15023"}],"curies":[{"name":"wp","href":"https:\/\/api.w.org\/{rel}","templated":true}]}}