{"id":15011,"date":"2016-02-12T10:52:35","date_gmt":"2016-02-12T12:52:35","guid":{"rendered":"http:\/\/www2.comunitaria.com.br\/?p=15011"},"modified":"2016-02-12T10:54:27","modified_gmt":"2016-02-12T12:54:27","slug":"cufa-convoca-candidatos-a-entrevista-de-selecao-para-curso-de-ingles","status":"publish","type":"post","link":"https:\/\/www2.comunitaria.com.br\/en\/cufa-convoca-candidatos-a-entrevista-de-selecao-para-curso-de-ingles\/","title":{"rendered":"CUFA convoca candidatos \u00e0 entrevista de sele\u00e7\u00e3o para curso de ingl\u00eas"},"content":{"rendered":"<p style=\"text-align: justify;\">Os candidatos inscritos para concorrer \u00e0s vagas do<a href=\"http:\/\/www2.comunitaria.com.br\/en\/cufafw-abre-selecao-para-curso-de-ingles\/\" target=\"_blank\"> curso de ingl\u00eas<\/a>, no Centro de Idiomas Ren\u00e9 Descartes, dever\u00e3o comparecer ao escrit\u00f3rio da CUFA de Frederico Westphalen para entrevista de sele\u00e7\u00e3o, no dia 16 de fevereiro, das 13hs \u00e0s 15hs.<\/p>\n<p style=\"text-align: justify;\">S\u00e3o cinco vagas disponibilizadas pela escola de idiomas. O curso inclui materiais did\u00e1ticos e \u00e9 inteiramente gratuito. Os inscritos que dever\u00e3o comparecer s\u00e3o:<\/p>\n<p style=\"text-align: justify;\">&#8211; Angela Bacci<\/p>\n<p style=\"text-align: justify;\">&#8211; Bruna Pereira Fontoura<\/p>\n<p style=\"text-align: justify;\">&#8211; Bruno Pereira Fontoura<\/p>\n<p style=\"text-align: justify;\">&#8211; Carmem Wiroski<\/p>\n<p style=\"text-align: justify;\">&#8211; Elaiane da Rosa<\/p>\n<p style=\"text-align: justify;\">&#8211; Fernanda Grassi<\/p>\n<p style=\"text-align: justify;\">&#8211; Jonas Tadeu Saldanha Junior<\/p>\n<p style=\"text-align: justify;\">&#8211; Julia Groth<\/p>\n<p style=\"text-align: justify;\">&#8211; Jaqueline Bombana da Silva<\/p>\n<p style=\"text-align: justify;\">&#8211; Laura portes da Silva<\/p>\n<p style=\"text-align: justify;\">&#8211; Maur\u00edcio da Silva Rosa<\/p>","protected":false},"excerpt":{"rendered":"<p>Os candidatos inscritos para concorrer \u00e0s vagas do curso de ingl\u00eas, no Centro de Idiomas Ren\u00e9 Descartes, dever\u00e3o comparecer ao escrit\u00f3rio da CUFA de Frederico Westphalen para entrevista de sele\u00e7\u00e3o,&#8230;<\/p>","protected":false},"author":2,"featured_media":15012,"comment_status":"open","ping_status":"closed","sticky":false,"template":"","format":"standard","meta":{"ngg_post_thumbnail":0,"footnotes":""},"categories":[44,42,33,35],"tags":[204,2360,413,442,1165],"class_list":["post-15011","post","type-post","status-publish","format-standard","has-post-thumbnail","hentry","category-educacao","category-fred-west","category-noticias","category-variedades","tag-cufa","tag-curso-de-ingles","tag-educacao-2","tag-entrevista","tag-variedades"],"amp_enabled":true,"_links":{"self":[{"href":"https:\/\/www2.comunitaria.com.br\/en\/wp-json\/wp\/v2\/posts\/15011","targetHints":{"allow":["GET"]}}],"collection":[{"href":"https:\/\/www2.comunitaria.com.br\/en\/wp-json\/wp\/v2\/posts"}],"about":[{"href":"https:\/\/www2.comunitaria.com.br\/en\/wp-json\/wp\/v2\/types\/post"}],"author":[{"embeddable":true,"href":"https:\/\/www2.comunitaria.com.br\/en\/wp-json\/wp\/v2\/users\/2"}],"replies":[{"embeddable":true,"href":"https:\/\/www2.comunitaria.com.br\/en\/wp-json\/wp\/v2\/comments?post=15011"}],"version-history":[{"count":0,"href":"https:\/\/www2.comunitaria.com.br\/en\/wp-json\/wp\/v2\/posts\/15011\/revisions"}],"wp:featuredmedia":[{"embeddable":true,"href":"https:\/\/www2.comunitaria.com.br\/en\/wp-json\/wp\/v2\/media\/15012"}],"wp:attachment":[{"href":"https:\/\/www2.comunitaria.com.br\/en\/wp-json\/wp\/v2\/media?parent=15011"}],"wp:term":[{"taxonomy":"category","embeddable":true,"href":"https:\/\/www2.comunitaria.com.br\/en\/wp-json\/wp\/v2\/categories?post=15011"},{"taxonomy":"post_tag","embeddable":true,"href":"https:\/\/www2.comunitaria.com.br\/en\/wp-json\/wp\/v2\/tags?post=15011"}],"curies":[{"name":"wp","href":"https:\/\/api.w.org\/{rel}","templated":true}]}}