{"id":14994,"date":"2016-02-12T08:28:27","date_gmt":"2016-02-12T10:28:27","guid":{"rendered":"http:\/\/www2.comunitaria.com.br\/?p=14994"},"modified":"2016-02-12T08:28:27","modified_gmt":"2016-02-12T10:28:27","slug":"circuito-frederiquense-de-verao-segue-neste-fim-de-semana","status":"publish","type":"post","link":"https:\/\/www2.comunitaria.com.br\/en\/circuito-frederiquense-de-verao-segue-neste-fim-de-semana\/","title":{"rendered":"Circuito Frederiquense de Ver\u00e3o segue neste fim de semana"},"content":{"rendered":"<p style=\"text-align: justify;\">Neste fim de semana, dias 13 e 14, prosseguem as atividades do 3\u00ba Circuito Frederiquiense de Ver\u00e3o. No s\u00e1bado, dia 13, a partir das 14h os atletas do Futev\u00f4lei Feminino e Masculino entram em quadra. J\u00e1 no domingo, 14, tamb\u00e9m \u00e0s 14h iniciam as competi\u00e7\u00f5es do Futev\u00f4lei e V\u00f4lei Feminino e Masculino.<\/p>\n<p style=\"text-align: justify;\">Os interessados em participar do circuito podem realizar as inscri\u00e7\u00f5es at\u00e9 esta sexta-feira, 12, na Secretaria Municipal de Esporte, Juventude e Lazer. Os jogos acontecem na Associa\u00e7\u00e3o Atl\u00e9tica Banco do Brasil (AABB) de Frederico Westphalen.<\/p>\n<p style=\"text-align: justify;\"><strong>ASCOM &#8211; Prefeitura Frederico Westphalen<\/strong><\/p>","protected":false},"excerpt":{"rendered":"<p>Neste fim de semana, dias 13 e 14, prosseguem as atividades do 3\u00ba Circuito Frederiquiense de Ver\u00e3o. No s\u00e1bado, dia 13, a partir das 14h os atletas do Futev\u00f4lei Feminino e Masculino entram em quadra. J\u00e1 no domingo, 14, tamb\u00e9m \u00e0s 14h iniciam as competi\u00e7\u00f5es do Futev\u00f4lei e V\u00f4lei Feminino e Masculino. Os interessados em<\/p>\n<div class=\"read-more-wrapper\"><a class=\"read-more\" href=\"https:\/\/www2.comunitaria.com.br\/en\/circuito-frederiquense-de-verao-segue-neste-fim-de-semana\/\" title=\"Read More\"> <span class=\"button\">Read More<\/span><\/a><\/div>","protected":false},"author":2,"featured_media":14234,"comment_status":"open","ping_status":"closed","sticky":false,"template":"","format":"standard","meta":{"ngg_post_thumbnail":0,"footnotes":""},"categories":[50,34,42,33,35],"tags":[182,569,2236,465,2421],"class_list":["post-14994","post","type-post","status-publish","format-standard","has-post-thumbnail","hentry","category-campeonatos-locais","category-esportes","category-fred-west","category-noticias","category-variedades","tag-aabb","tag-circuito-de-verao","tag-circuito-frederiquense-de-verao","tag-esporte","tag-futvolei"],"amp_enabled":true,"_links":{"self":[{"href":"https:\/\/www2.comunitaria.com.br\/en\/wp-json\/wp\/v2\/posts\/14994","targetHints":{"allow":["GET"]}}],"collection":[{"href":"https:\/\/www2.comunitaria.com.br\/en\/wp-json\/wp\/v2\/posts"}],"about":[{"href":"https:\/\/www2.comunitaria.com.br\/en\/wp-json\/wp\/v2\/types\/post"}],"author":[{"embeddable":true,"href":"https:\/\/www2.comunitaria.com.br\/en\/wp-json\/wp\/v2\/users\/2"}],"replies":[{"embeddable":true,"href":"https:\/\/www2.comunitaria.com.br\/en\/wp-json\/wp\/v2\/comments?post=14994"}],"version-history":[{"count":0,"href":"https:\/\/www2.comunitaria.com.br\/en\/wp-json\/wp\/v2\/posts\/14994\/revisions"}],"wp:featuredmedia":[{"embeddable":true,"href":"https:\/\/www2.comunitaria.com.br\/en\/wp-json\/wp\/v2\/media\/14234"}],"wp:attachment":[{"href":"https:\/\/www2.comunitaria.com.br\/en\/wp-json\/wp\/v2\/media?parent=14994"}],"wp:term":[{"taxonomy":"category","embeddable":true,"href":"https:\/\/www2.comunitaria.com.br\/en\/wp-json\/wp\/v2\/categories?post=14994"},{"taxonomy":"post_tag","embeddable":true,"href":"https:\/\/www2.comunitaria.com.br\/en\/wp-json\/wp\/v2\/tags?post=14994"}],"curies":[{"name":"wp","href":"https:\/\/api.w.org\/{rel}","templated":true}]}}