{"id":14961,"date":"2016-02-11T10:34:35","date_gmt":"2016-02-11T12:34:35","guid":{"rendered":"http:\/\/www2.comunitaria.com.br\/?p=14961"},"modified":"2016-02-11T10:34:35","modified_gmt":"2016-02-11T12:34:35","slug":"capacitacao-de-professores-em-irai-sera-ministrada-por-diretora-da-cufars","status":"publish","type":"post","link":"https:\/\/www2.comunitaria.com.br\/en\/capacitacao-de-professores-em-irai-sera-ministrada-por-diretora-da-cufars\/","title":{"rendered":"Capacita\u00e7\u00e3o de professores em Ira\u00ed ser\u00e1 ministrada por diretora da CUFA\/RS"},"content":{"rendered":"<p style=\"text-align: justify;\">Uma das diretoras da Central \u00danica das Favelas no Estado (Cufa-RS), Ivanete Pereira, estar\u00e1 em Ira\u00ed na segunda-feira, 15, para ministrar uma capacita\u00e7\u00e3o de professores. A rapper, m\u00e3e de seis filhos \u2013 entre eles o rep\u00f3rter da RBS TV Porto Alegre, Manoel Soares \u2013, executiva social e oficineira \u00e9 conhecida como Lady Net e desenvolve projetos de empoderamento feminino na ONG.<br \/>\nO curso ocorre a partir das 14 horas, na biblioteca municipal, e ir\u00e1 reunir todos os professores da rede p\u00fablica de ensino do munic\u00edpio. Entre os temas que ser\u00e3o discutidos est\u00e3o a media\u00e7\u00e3o de conflitos, preven\u00e7\u00e3o \u00e0s drogas e frequ\u00eancia escolar. De acordo com o coordenador da Cufa-FW, Roberto Torres Junior, a capacita\u00e7\u00e3o deve ocorrer tamb\u00e9m em Frederico Westphalen, no pr\u00f3ximo m\u00eas.<\/p>\n<p><strong>Let\u00edcia Waldow\/O Alto Uruguai<br \/>\n<\/strong><\/p>","protected":false},"excerpt":{"rendered":"<p>Uma das diretoras da Central \u00danica das Favelas no Estado (Cufa-RS), Ivanete Pereira, estar\u00e1 em Ira\u00ed na segunda-feira, 15, para ministrar uma capacita\u00e7\u00e3o de professores. A rapper, m\u00e3e de seis filhos \u2013 entre eles o rep\u00f3rter da RBS TV Porto Alegre, Manoel Soares \u2013, executiva social e oficineira \u00e9 conhecida como Lady Net e desenvolve<\/p>\n<div class=\"read-more-wrapper\"><a class=\"read-more\" href=\"https:\/\/www2.comunitaria.com.br\/en\/capacitacao-de-professores-em-irai-sera-ministrada-por-diretora-da-cufars\/\" title=\"Read More\"> <span class=\"button\">Read More<\/span><\/a><\/div>","protected":false},"author":2,"featured_media":14962,"comment_status":"open","ping_status":"closed","sticky":false,"template":"","format":"standard","meta":{"ngg_post_thumbnail":0,"footnotes":""},"categories":[44,33,43],"tags":[1407,204,413,172,66],"class_list":["post-14961","post","type-post","status-publish","format-standard","has-post-thumbnail","hentry","category-educacao","category-noticias","category-regiao","tag-capacitacao","tag-cufa","tag-educacao-2","tag-irai","tag-professores"],"amp_enabled":true,"_links":{"self":[{"href":"https:\/\/www2.comunitaria.com.br\/en\/wp-json\/wp\/v2\/posts\/14961","targetHints":{"allow":["GET"]}}],"collection":[{"href":"https:\/\/www2.comunitaria.com.br\/en\/wp-json\/wp\/v2\/posts"}],"about":[{"href":"https:\/\/www2.comunitaria.com.br\/en\/wp-json\/wp\/v2\/types\/post"}],"author":[{"embeddable":true,"href":"https:\/\/www2.comunitaria.com.br\/en\/wp-json\/wp\/v2\/users\/2"}],"replies":[{"embeddable":true,"href":"https:\/\/www2.comunitaria.com.br\/en\/wp-json\/wp\/v2\/comments?post=14961"}],"version-history":[{"count":0,"href":"https:\/\/www2.comunitaria.com.br\/en\/wp-json\/wp\/v2\/posts\/14961\/revisions"}],"wp:featuredmedia":[{"embeddable":true,"href":"https:\/\/www2.comunitaria.com.br\/en\/wp-json\/wp\/v2\/media\/14962"}],"wp:attachment":[{"href":"https:\/\/www2.comunitaria.com.br\/en\/wp-json\/wp\/v2\/media?parent=14961"}],"wp:term":[{"taxonomy":"category","embeddable":true,"href":"https:\/\/www2.comunitaria.com.br\/en\/wp-json\/wp\/v2\/categories?post=14961"},{"taxonomy":"post_tag","embeddable":true,"href":"https:\/\/www2.comunitaria.com.br\/en\/wp-json\/wp\/v2\/tags?post=14961"}],"curies":[{"name":"wp","href":"https:\/\/api.w.org\/{rel}","templated":true}]}}