{"id":14927,"date":"2016-02-10T14:40:20","date_gmt":"2016-02-10T16:40:20","guid":{"rendered":"http:\/\/www2.comunitaria.com.br\/?p=14927"},"modified":"2016-02-10T14:40:20","modified_gmt":"2016-02-10T16:40:20","slug":"capturado-um-dos-foragidos-do-presidio-de-carazinho","status":"publish","type":"post","link":"https:\/\/www2.comunitaria.com.br\/en\/capturado-um-dos-foragidos-do-presidio-de-carazinho\/","title":{"rendered":"Capturado um dos foragidos do pres\u00eddio de Carazinho"},"content":{"rendered":"<p>Em uma a\u00e7\u00e3o do Pelot\u00e3o de Opera\u00e7\u00f5es Especiais (POE), da Brigada Militar de Carazinho, foi preso na tarde desta ter\u00e7a-feira (09), Diego Pinheiro Dias, 26 anos, no bairro H\u00edpica.<\/p>\n<p>Ele \u00e9 um dos <a href=\"http:\/\/www2.comunitaria.com.br\/en\/apenados-fazem-tunel-e-fogem-de-presidio-em-carazinho\/\" target=\"_blank\">tr\u00eas detentos do regime fechado que escapou do Pres\u00eddio Estadual de Carazinho<\/a> na madrugada de segunda (08).<\/p>\n<p>O foragido foi encaminhado para a delegacia de pol\u00edcia e a seguir para o pres\u00eddio. Continuam foragidos Matheus Mariano Soares e Alexandre Antunes Pit\u00e3o, que escaparam na mesma ocasi\u00e3o.<\/p>\n<p>Qualquer informa\u00e7\u00e3o deve ser repassada ao telefone 190 da Brigada Militar.<\/p>","protected":false},"excerpt":{"rendered":"<p>Em uma a\u00e7\u00e3o do Pelot\u00e3o de Opera\u00e7\u00f5es Especiais (POE), da Brigada Militar de Carazinho, foi preso na tarde desta ter\u00e7a-feira (09), Diego Pinheiro Dias, 26 anos, no bairro H\u00edpica. Ele \u00e9 um dos tr\u00eas detentos do regime fechado que escapou do Pres\u00eddio Estadual de Carazinho na madrugada de segunda (08). O foragido foi encaminhado para<\/p>\n<div class=\"read-more-wrapper\"><a class=\"read-more\" href=\"https:\/\/www2.comunitaria.com.br\/en\/capturado-um-dos-foragidos-do-presidio-de-carazinho\/\" title=\"Read More\"> <span class=\"button\">Read More<\/span><\/a><\/div>","protected":false},"author":2,"featured_media":14929,"comment_status":"open","ping_status":"closed","sticky":false,"template":"","format":"standard","meta":{"ngg_post_thumbnail":0,"footnotes":""},"categories":[33,36,43],"tags":[439,156,87,2411],"class_list":["post-14927","post","type-post","status-publish","format-standard","has-post-thumbnail","hentry","category-noticias","category-policia","category-regiao","tag-carazinho","tag-presidio","tag-preso","tag-tunel"],"amp_enabled":true,"_links":{"self":[{"href":"https:\/\/www2.comunitaria.com.br\/en\/wp-json\/wp\/v2\/posts\/14927","targetHints":{"allow":["GET"]}}],"collection":[{"href":"https:\/\/www2.comunitaria.com.br\/en\/wp-json\/wp\/v2\/posts"}],"about":[{"href":"https:\/\/www2.comunitaria.com.br\/en\/wp-json\/wp\/v2\/types\/post"}],"author":[{"embeddable":true,"href":"https:\/\/www2.comunitaria.com.br\/en\/wp-json\/wp\/v2\/users\/2"}],"replies":[{"embeddable":true,"href":"https:\/\/www2.comunitaria.com.br\/en\/wp-json\/wp\/v2\/comments?post=14927"}],"version-history":[{"count":0,"href":"https:\/\/www2.comunitaria.com.br\/en\/wp-json\/wp\/v2\/posts\/14927\/revisions"}],"wp:featuredmedia":[{"embeddable":true,"href":"https:\/\/www2.comunitaria.com.br\/en\/wp-json\/wp\/v2\/media\/14929"}],"wp:attachment":[{"href":"https:\/\/www2.comunitaria.com.br\/en\/wp-json\/wp\/v2\/media?parent=14927"}],"wp:term":[{"taxonomy":"category","embeddable":true,"href":"https:\/\/www2.comunitaria.com.br\/en\/wp-json\/wp\/v2\/categories?post=14927"},{"taxonomy":"post_tag","embeddable":true,"href":"https:\/\/www2.comunitaria.com.br\/en\/wp-json\/wp\/v2\/tags?post=14927"}],"curies":[{"name":"wp","href":"https:\/\/api.w.org\/{rel}","templated":true}]}}