{"id":14907,"date":"2016-02-10T09:48:44","date_gmt":"2016-02-10T11:48:44","guid":{"rendered":"http:\/\/www2.comunitaria.com.br\/?p=14907"},"modified":"2016-02-10T09:48:44","modified_gmt":"2016-02-10T11:48:44","slug":"municipio-de-pinhal-adere-ao-susaf","status":"publish","type":"post","link":"https:\/\/www2.comunitaria.com.br\/en\/municipio-de-pinhal-adere-ao-susaf\/","title":{"rendered":"Munic\u00edpio de Pinhal adere ao Susaf"},"content":{"rendered":"<p style=\"text-align: justify;\">O munic\u00edpio de Pinhal foi aprovado, na \u00faltima quinta-feira, 4, na auditoria t\u00e9cnica para ingressar no Sistema Unificado Estadual de Sanidade Agroindustrial, Familiar, Artesanal e de Pequeno Porte (Susaf). O resultado ser\u00e1 ratificado com a publica\u00e7\u00e3o, no Di\u00e1rio Oficial do Estado, de uma portaria da Secretaria da Agricultura, Pecu\u00e1ria e Irriga\u00e7\u00e3o. Com a ades\u00e3o ao sistema, as agroind\u00fastrias da cidade poder\u00e3o comercializar os produtos de origem animal em todo o Rio Grande do Sul.<\/p>\n<p style=\"text-align: justify;\">Metade dos munic\u00edpios ga\u00fachos solicitaram ades\u00e3o volunt\u00e1ria ao sistema estadual e, desde 2013, per\u00edodo em que o Susaf passou a vigorar no Estado, a Famurs tem promovido oficinas, cursos, capacita\u00e7\u00f5es, treinamentos e articula\u00e7\u00e3o pol\u00edtica para auxiliar as prefeituras. Al\u00e9m de Pinhal, outras onze cidades j\u00e1 aderiram ao Susaf: Paim Filho, S\u00e3o Jos\u00e9 do Sul, Salvador do Sul, Victor Graeff, Feliz, Restinga S\u00eaca, Pinheirinho do Vale, Aratiba, Encantado, Ven\u00e2ncio Aires e Rolante.<\/p>\n<p style=\"text-align: justify;\"><strong>O que \u00e9 o Susaf<\/strong><\/p>\n<p style=\"text-align: justify;\">Com a publica\u00e7\u00e3o da Lei 7.889\/89, os estabelecimentos que industrializam produtos de origem animal, e que possuem registro nos Servi\u00e7os de Inspe\u00e7\u00e3o Estaduais foram proibidos de transitar com seus produtos em outras unidades da federa\u00e7\u00e3o. Da mesma forma, aquelas empresas registradas nos Servi\u00e7os de Inspe\u00e7\u00e3o Municipais foram impedidas de comercializar seus produtos em outros munic\u00edpios.<\/p>\n<p style=\"text-align: justify;\">A implanta\u00e7\u00e3o do Susaf, regulamentado pelo Decreto Estadual n\u00b0 49340 de 05 de julho de 2012, permite aos estabelecimentos registrados nos servi\u00e7os de inspe\u00e7\u00e3o municipais e que estejam engajados neste sistema, o com\u00e9rcio em todo o territ\u00f3rio do estado do Rio Grande do Sul, o que s\u00f3 caberia \u00e0queles registrados na Secretaria da Agricultura, Pecu\u00e1ria e Agroneg\u00f3cio (Seap) por meio do Servi\u00e7o Estadual de Inspe\u00e7\u00e3o (Cispoa). Para que os munic\u00edpios obtenham, de forma volunt\u00e1ria a ades\u00e3o a esse sistema, \u00e9 necess\u00e1ria a comprova\u00e7\u00e3o da equival\u00eancia junto \u00e0 Seap dos seus processos e procedimentos de inspe\u00e7\u00e3o e fiscaliza\u00e7\u00e3o.<\/p>\n<p style=\"text-align: justify;\"><strong>Foto:<\/strong> Divulga\u00e7\u00e3o<br \/>\n<strong>Ascom &#8211; Famurs<\/strong><\/p>\n<p style=\"text-align: justify;\">\n<p style=\"text-align: justify;\">","protected":false},"excerpt":{"rendered":"<p>O munic\u00edpio de Pinhal foi aprovado, na \u00faltima quinta-feira, 4, na auditoria t\u00e9cnica para ingressar no Sistema Unificado Estadual de Sanidade Agroindustrial, Familiar, Artesanal e de Pequeno Porte (Susaf). O resultado ser\u00e1 ratificado com a publica\u00e7\u00e3o, no Di\u00e1rio Oficial do Estado, de uma portaria da Secretaria da Agricultura, Pecu\u00e1ria e Irriga\u00e7\u00e3o. Com a ades\u00e3o ao<\/p>\n<div class=\"read-more-wrapper\"><a class=\"read-more\" href=\"https:\/\/www2.comunitaria.com.br\/en\/municipio-de-pinhal-adere-ao-susaf\/\" title=\"Read More\"> <span class=\"button\">Read More<\/span><\/a><\/div>","protected":false},"author":2,"featured_media":14908,"comment_status":"open","ping_status":"closed","sticky":false,"template":"","format":"standard","meta":{"ngg_post_thumbnail":0,"footnotes":""},"categories":[42,33,38,43,45,35],"tags":[1007,464,1502,86,479,1582],"class_list":["post-14907","post","type-post","status-publish","format-standard","has-post-thumbnail","hentry","category-fred-west","category-noticias","category-politica","category-regiao","category-rural","category-variedades","tag-agricultura-familiar","tag-alimentos","tag-pinhal","tag-regiao-2","tag-rural-2","tag-susaf"],"amp_enabled":true,"_links":{"self":[{"href":"https:\/\/www2.comunitaria.com.br\/en\/wp-json\/wp\/v2\/posts\/14907","targetHints":{"allow":["GET"]}}],"collection":[{"href":"https:\/\/www2.comunitaria.com.br\/en\/wp-json\/wp\/v2\/posts"}],"about":[{"href":"https:\/\/www2.comunitaria.com.br\/en\/wp-json\/wp\/v2\/types\/post"}],"author":[{"embeddable":true,"href":"https:\/\/www2.comunitaria.com.br\/en\/wp-json\/wp\/v2\/users\/2"}],"replies":[{"embeddable":true,"href":"https:\/\/www2.comunitaria.com.br\/en\/wp-json\/wp\/v2\/comments?post=14907"}],"version-history":[{"count":0,"href":"https:\/\/www2.comunitaria.com.br\/en\/wp-json\/wp\/v2\/posts\/14907\/revisions"}],"wp:featuredmedia":[{"embeddable":true,"href":"https:\/\/www2.comunitaria.com.br\/en\/wp-json\/wp\/v2\/media\/14908"}],"wp:attachment":[{"href":"https:\/\/www2.comunitaria.com.br\/en\/wp-json\/wp\/v2\/media?parent=14907"}],"wp:term":[{"taxonomy":"category","embeddable":true,"href":"https:\/\/www2.comunitaria.com.br\/en\/wp-json\/wp\/v2\/categories?post=14907"},{"taxonomy":"post_tag","embeddable":true,"href":"https:\/\/www2.comunitaria.com.br\/en\/wp-json\/wp\/v2\/tags?post=14907"}],"curies":[{"name":"wp","href":"https:\/\/api.w.org\/{rel}","templated":true}]}}