{"id":14903,"date":"2016-02-10T09:14:00","date_gmt":"2016-02-10T11:14:00","guid":{"rendered":"http:\/\/www2.comunitaria.com.br\/?p=14903"},"modified":"2016-02-10T09:14:20","modified_gmt":"2016-02-10T11:14:20","slug":"prf-de-sarandi-prende-individuo-por-receptacao-e-recupera-veiculo-roubado","status":"publish","type":"post","link":"https:\/\/www2.comunitaria.com.br\/en\/prf-de-sarandi-prende-individuo-por-receptacao-e-recupera-veiculo-roubado\/","title":{"rendered":"PRF de Sarandi prende indiv\u00edduo por recepta\u00e7\u00e3o e recupera ve\u00edculo roubado"},"content":{"rendered":"<p style=\"text-align: justify;\">Na tarde de ontem, 9, a Pol\u00edcia Rodovi\u00e1ria Federal, posto de Sarandi\/RS, prendeu um indiv\u00edduo por recepta\u00e7\u00e3o. Durante fiscaliza\u00e7\u00e3o de rotina, \u00a0a PRF abordou o ve\u00edculo GM\/Astra, de cor vermelha , que seguia\u00a0 sentido Sarandi\/Carazinho.<\/p>\n<p style=\"text-align: justify;\">Ap\u00f3s fiscaliza\u00e7\u00e3o, os policiais constataram que o GM\/Astra se tratava de um clone e havia sido roubado na cidade de Sapucaia do Sul\/RS\u00a0em fevereiro do ano passado.\u00a0O condutor do ve\u00edculo foi preso em flagrante e responder\u00e1 por recepta\u00e7\u00e3o e uso de documento falso.<\/p>\n<p style=\"text-align: justify;\">A ocorr\u00eancia foi encaminhada \u00e0 Pol\u00edcia Judici\u00e1ria de Sarandi para a realiza\u00e7\u00e3o dos procedimentos padr\u00f5es.<\/p>\n<p style=\"text-align: justify;\"><strong>PRF\/Sarandi<\/strong><\/p>\n<p style=\"text-align: justify;\">","protected":false},"excerpt":{"rendered":"<p>Na tarde de ontem, 9, a Pol\u00edcia Rodovi\u00e1ria Federal, posto de Sarandi\/RS, prendeu um indiv\u00edduo por recepta\u00e7\u00e3o. Durante fiscaliza\u00e7\u00e3o de rotina, \u00a0a PRF abordou o ve\u00edculo GM\/Astra, de cor vermelha , que seguia\u00a0 sentido Sarandi\/Carazinho. Ap\u00f3s fiscaliza\u00e7\u00e3o, os policiais constataram que o GM\/Astra se tratava de um clone e havia sido roubado na cidade de<\/p>\n<div class=\"read-more-wrapper\"><a class=\"read-more\" href=\"https:\/\/www2.comunitaria.com.br\/en\/prf-de-sarandi-prende-individuo-por-receptacao-e-recupera-veiculo-roubado\/\" title=\"Read More\"> <span class=\"button\">Read More<\/span><\/a><\/div>","protected":false},"author":2,"featured_media":14904,"comment_status":"open","ping_status":"closed","sticky":false,"template":"","format":"standard","meta":{"ngg_post_thumbnail":0,"footnotes":""},"categories":[33,36,43],"tags":[177,394,840,2409,86,756],"class_list":["post-14903","post","type-post","status-publish","format-standard","has-post-thumbnail","hentry","category-noticias","category-policia","category-regiao","tag-policia-2","tag-prf","tag-prisao","tag-receptacao","tag-regiao-2","tag-sarandi"],"amp_enabled":true,"_links":{"self":[{"href":"https:\/\/www2.comunitaria.com.br\/en\/wp-json\/wp\/v2\/posts\/14903","targetHints":{"allow":["GET"]}}],"collection":[{"href":"https:\/\/www2.comunitaria.com.br\/en\/wp-json\/wp\/v2\/posts"}],"about":[{"href":"https:\/\/www2.comunitaria.com.br\/en\/wp-json\/wp\/v2\/types\/post"}],"author":[{"embeddable":true,"href":"https:\/\/www2.comunitaria.com.br\/en\/wp-json\/wp\/v2\/users\/2"}],"replies":[{"embeddable":true,"href":"https:\/\/www2.comunitaria.com.br\/en\/wp-json\/wp\/v2\/comments?post=14903"}],"version-history":[{"count":0,"href":"https:\/\/www2.comunitaria.com.br\/en\/wp-json\/wp\/v2\/posts\/14903\/revisions"}],"wp:featuredmedia":[{"embeddable":true,"href":"https:\/\/www2.comunitaria.com.br\/en\/wp-json\/wp\/v2\/media\/14904"}],"wp:attachment":[{"href":"https:\/\/www2.comunitaria.com.br\/en\/wp-json\/wp\/v2\/media?parent=14903"}],"wp:term":[{"taxonomy":"category","embeddable":true,"href":"https:\/\/www2.comunitaria.com.br\/en\/wp-json\/wp\/v2\/categories?post=14903"},{"taxonomy":"post_tag","embeddable":true,"href":"https:\/\/www2.comunitaria.com.br\/en\/wp-json\/wp\/v2\/tags?post=14903"}],"curies":[{"name":"wp","href":"https:\/\/api.w.org\/{rel}","templated":true}]}}