{"id":14797,"date":"2016-02-09T06:32:51","date_gmt":"2016-02-09T08:32:51","guid":{"rendered":"http:\/\/www2.comunitaria.com.br\/?p=14797"},"modified":"2016-02-09T06:32:51","modified_gmt":"2016-02-09T08:32:51","slug":"cartelao-do-uniao-entrega-premios-aos-contemplados","status":"publish","type":"post","link":"https:\/\/www2.comunitaria.com.br\/en\/cartelao-do-uniao-entrega-premios-aos-contemplados\/","title":{"rendered":"Cartel\u00e3o do Uni\u00e3o entrega pr\u00eamios aos contemplados"},"content":{"rendered":"<p>Na tarde de sexta-feira, 5, o Uni\u00e3o Frederiquense  realizou a entrega da premia\u00e7\u00e3o referente o Cartel\u00e3o do Uni\u00e3o.<\/p>\n<p>As entregas foram realizadas na Marina Ve\u00edculos, Schumann e Panaf\u00e9 Motos, todas em Frederico Westphalen.<\/p>\n<p>A dire\u00e7\u00e3o do Uni\u00e3o Frederiquense agradece a todas as pessoas que se dedicaram n\u00e3o apenas nas vendas das cartelas, mas tamb\u00e9m aos compradores, o que incentivou e contribuiu para com o desenvolvimento do futebol profissional de nossa regi\u00e3o.<\/p>\n<p>1\u00ba pr\u00eamio \u2013 Autom\u00f3vel Palio Weekend Adventure 0km 2015<\/p>\n<p>N\u00famero sorteado:  938<\/p>\n<p>Ganhador: CLECIO ROBERTO IUNG (C\u00f4nsul do Uni\u00e3o em Bras\u00edlia-DF).<\/p>\n<p>Pr\u00eamio retirado por sua irm\u00e3, Clarice Iung.<\/p>\n<p>  &#8212;&#8212;&#8212;&#8212;&#8212;&#8212;&#8212;&#8212;&#8212;&#8211;<\/p>\n<p>2\u00ba pr\u00eamio \u2013 Motocicleta Honda CG 125 Fan 0km 2015 <\/p>\n<p>N\u00famero sorteado: 541<\/p>\n<p>Ganhador: ADELAR MARKOSKI (Seberi-RS).<\/p>\n<p>  &#8212;&#8212;&#8212;&#8212;&#8212;&#8212;&#8212;&#8212;&#8212;&#8211;<\/p>\n<p>3\u00ba pr\u00eamio \u2013 Refrigerador C\u00f4nsul 2P &#8211; 437 L &#8211; Frost Free <\/p>\n<p>N\u00famero sorteado: 974<\/p>\n<p>Ganhador: SERGIO L. FRIZON (Frederico Westphalen-RS)<\/p>\n<p>  &#8212;&#8212;&#8212;&#8212;&#8212;&#8212;&#8212;&#8212;&#8212;&#8211;<\/p>\n<p>4\u00ba pr\u00eamio \u2013 Televisor Semp Toshiba 40&#8243; &#8211; LED &#8211; Full HD<\/p>\n<p>N\u00famero sorteado: 912<\/p>\n<p>Ganhador: ALAN ANTONIO SILVA (Palmas-TO)<\/p>\n<p>Pr\u00eamio retirado por sua cunhada, Debora Cadore.<\/p>\n<p> &#8212;&#8212;&#8212;&#8212;&#8212;&#8212;&#8212;&#8212;&#8212;&#8211;<\/p>\n<p>5\u00ba pr\u00eamio \u2013 Notebook Semp Toshiba 14&#8243; &#8211; Core i3 &#8211; 4GB &#8211; HD 500GB<\/p>\n<p>N\u00famero sorteado:  557<\/p>\n<p>Ganhador: EDER RODRIGO FERRONATO (Caibi-SC).<\/p>\n\n\t\t<style>\n\t\t\t#gallery-1 {\n\t\t\t\tmargin: auto;\n\t\t\t}\n\t\t\t#gallery-1 .gallery-item {\n\t\t\t\tfloat: left;\n\t\t\t\tmargin-top: 10px;\n\t\t\t\ttext-align: center;\n\t\t\t\twidth: 33%;\n\t\t\t}\n\t\t\t#gallery-1 img {\n\t\t\t\tborder: 2px solid #cfcfcf;\n\t\t\t}\n\t\t\t#gallery-1 .gallery-caption {\n\t\t\t\tmargin-left: 0;\n\t\t\t}\n\t\t\t\/* see gallery_shortcode() in wp-includes\/media.php *\/\n\t\t<\/style>\n\t\t<div id='gallery-1' class='gallery galleryid-14797 gallery-columns-3 gallery-size-thumbnail'><dl class='gallery-item'>\n\t\t\t<dt class='gallery-icon landscape'>\n\t\t\t\t<a href='https:\/\/www2.comunitaria.com.br\/en\/cartelao-do-uniao-entrega-premios-aos-contemplados\/05-8\/'><img loading=\"lazy\" decoding=\"async\" width=\"150\" height=\"150\" src=\"https:\/\/www2.comunitaria.com.br\/wp-content\/uploads\/2016\/02\/05-150x150.jpg\" class=\"attachment-thumbnail size-thumbnail\" alt=\"\" srcset=\"https:\/\/www2.comunitaria.com.br\/wp-content\/uploads\/2016\/02\/05-150x150.jpg 150w, https:\/\/www2.comunitaria.com.br\/wp-content\/uploads\/2016\/02\/05-65x65.jpg 65w\" sizes=\"auto, (max-width: 150px) 100vw, 150px\" \/><\/a>\n\t\t\t<\/dt><\/dl><dl class='gallery-item'>\n\t\t\t<dt class='gallery-icon landscape'>\n\t\t\t\t<a href='https:\/\/www2.comunitaria.com.br\/en\/cartelao-do-uniao-entrega-premios-aos-contemplados\/01-240\/'><img loading=\"lazy\" decoding=\"async\" width=\"150\" height=\"150\" src=\"https:\/\/www2.comunitaria.com.br\/wp-content\/uploads\/2016\/02\/01-4-150x150.jpg\" class=\"attachment-thumbnail size-thumbnail\" alt=\"\" srcset=\"https:\/\/www2.comunitaria.com.br\/wp-content\/uploads\/2016\/02\/01-4-150x150.jpg 150w, https:\/\/www2.comunitaria.com.br\/wp-content\/uploads\/2016\/02\/01-4-65x65.jpg 65w\" sizes=\"auto, (max-width: 150px) 100vw, 150px\" \/><\/a>\n\t\t\t<\/dt><\/dl><dl class='gallery-item'>\n\t\t\t<dt class='gallery-icon landscape'>\n\t\t\t\t<a href='https:\/\/www2.comunitaria.com.br\/en\/cartelao-do-uniao-entrega-premios-aos-contemplados\/02-83\/'><img loading=\"lazy\" decoding=\"async\" width=\"150\" height=\"150\" src=\"https:\/\/www2.comunitaria.com.br\/wp-content\/uploads\/2016\/02\/02-150x150.jpg\" class=\"attachment-thumbnail size-thumbnail\" alt=\"\" srcset=\"https:\/\/www2.comunitaria.com.br\/wp-content\/uploads\/2016\/02\/02-150x150.jpg 150w, https:\/\/www2.comunitaria.com.br\/wp-content\/uploads\/2016\/02\/02-65x65.jpg 65w\" sizes=\"auto, (max-width: 150px) 100vw, 150px\" \/><\/a>\n\t\t\t<\/dt><\/dl><br style=\"clear: both\" \/><dl class='gallery-item'>\n\t\t\t<dt class='gallery-icon landscape'>\n\t\t\t\t<a href='https:\/\/www2.comunitaria.com.br\/en\/cartelao-do-uniao-entrega-premios-aos-contemplados\/03-39\/'><img loading=\"lazy\" decoding=\"async\" width=\"150\" height=\"150\" src=\"https:\/\/www2.comunitaria.com.br\/wp-content\/uploads\/2016\/02\/03-150x150.jpg\" class=\"attachment-thumbnail size-thumbnail\" alt=\"\" srcset=\"https:\/\/www2.comunitaria.com.br\/wp-content\/uploads\/2016\/02\/03-150x150.jpg 150w, https:\/\/www2.comunitaria.com.br\/wp-content\/uploads\/2016\/02\/03-65x65.jpg 65w\" sizes=\"auto, (max-width: 150px) 100vw, 150px\" \/><\/a>\n\t\t\t<\/dt><\/dl><dl class='gallery-item'>\n\t\t\t<dt class='gallery-icon landscape'>\n\t\t\t\t<a href='https:\/\/www2.comunitaria.com.br\/en\/cartelao-do-uniao-entrega-premios-aos-contemplados\/04-20\/'><img loading=\"lazy\" decoding=\"async\" width=\"150\" height=\"150\" src=\"https:\/\/www2.comunitaria.com.br\/wp-content\/uploads\/2016\/02\/04-150x150.jpg\" class=\"attachment-thumbnail size-thumbnail\" alt=\"\" srcset=\"https:\/\/www2.comunitaria.com.br\/wp-content\/uploads\/2016\/02\/04-150x150.jpg 150w, https:\/\/www2.comunitaria.com.br\/wp-content\/uploads\/2016\/02\/04-65x65.jpg 65w\" sizes=\"auto, (max-width: 150px) 100vw, 150px\" \/><\/a>\n\t\t\t<\/dt><\/dl>\n\t\t\t<br style='clear: both' \/>\n\t\t<\/div>","protected":false},"excerpt":{"rendered":"<p>Na tarde de sexta-feira, 5, o Uni\u00e3o Frederiquense realizou a entrega da premia\u00e7\u00e3o referente o Cartel\u00e3o do Uni\u00e3o. As entregas foram realizadas na Marina Ve\u00edculos, Schumann e Panaf\u00e9 Motos, todas&#8230;<\/p>","protected":false},"author":2,"featured_media":14798,"comment_status":"open","ping_status":"closed","sticky":false,"template":"","format":"standard","meta":{"ngg_post_thumbnail":0,"footnotes":""},"categories":[42,33,48],"tags":[2184,1299],"class_list":["post-14797","post","type-post","status-publish","format-standard","has-post-thumbnail","hentry","category-fred-west","category-noticias","category-uniao-frederiquense","tag-cartelao-do-uniao","tag-premios"],"amp_enabled":true,"_links":{"self":[{"href":"https:\/\/www2.comunitaria.com.br\/en\/wp-json\/wp\/v2\/posts\/14797","targetHints":{"allow":["GET"]}}],"collection":[{"href":"https:\/\/www2.comunitaria.com.br\/en\/wp-json\/wp\/v2\/posts"}],"about":[{"href":"https:\/\/www2.comunitaria.com.br\/en\/wp-json\/wp\/v2\/types\/post"}],"author":[{"embeddable":true,"href":"https:\/\/www2.comunitaria.com.br\/en\/wp-json\/wp\/v2\/users\/2"}],"replies":[{"embeddable":true,"href":"https:\/\/www2.comunitaria.com.br\/en\/wp-json\/wp\/v2\/comments?post=14797"}],"version-history":[{"count":0,"href":"https:\/\/www2.comunitaria.com.br\/en\/wp-json\/wp\/v2\/posts\/14797\/revisions"}],"wp:featuredmedia":[{"embeddable":true,"href":"https:\/\/www2.comunitaria.com.br\/en\/wp-json\/wp\/v2\/media\/14798"}],"wp:attachment":[{"href":"https:\/\/www2.comunitaria.com.br\/en\/wp-json\/wp\/v2\/media?parent=14797"}],"wp:term":[{"taxonomy":"category","embeddable":true,"href":"https:\/\/www2.comunitaria.com.br\/en\/wp-json\/wp\/v2\/categories?post=14797"},{"taxonomy":"post_tag","embeddable":true,"href":"https:\/\/www2.comunitaria.com.br\/en\/wp-json\/wp\/v2\/tags?post=14797"}],"curies":[{"name":"wp","href":"https:\/\/api.w.org\/{rel}","templated":true}]}}