{"id":14795,"date":"2016-02-09T06:26:19","date_gmt":"2016-02-09T08:26:19","guid":{"rendered":"http:\/\/www2.comunitaria.com.br\/?p=14795"},"modified":"2016-02-09T06:26:19","modified_gmt":"2016-02-09T08:26:19","slug":"prf-ja-aplicou-mais-de-3-mil-multas-no-feriado-do-carnaval","status":"publish","type":"post","link":"https:\/\/www2.comunitaria.com.br\/en\/prf-ja-aplicou-mais-de-3-mil-multas-no-feriado-do-carnaval\/","title":{"rendered":"PRF j\u00e1 aplicou mais de 3 mil multas no feriado do carnaval"},"content":{"rendered":"<p>J\u00e1 passa dos 3 mil o n\u00famero de multas aplicadas pela Pol\u00edcia Rodovi\u00e1ria Federal (PRF) nas BRs ga\u00fachas entre sexta-feira e domingo. No mesmo per\u00edodo, houve 40 acidentes com feridos nesta malha rodovi\u00e1ria. Ao todo, a PRF registrou, nos tr\u00eas dias, 74 pessoas feridas nas estradas e duas v\u00edtimas fatais.<\/p>\n<p>Conforme levantamento da PRF, foram aplicadas 3006 multas, m\u00e9dia superior a 40 multas por hora. Destas, a grande maioria por excesso de velocidade (2028). Em um dos casos, no domingo, um carro foi flagrado a 210 km\/h na freeway. Ele receber\u00e1 multa de R$ 574, al\u00e9m de ter o direito de dirigir suspenso por um ano.<\/p>\n<p>Dos 2845 testes de baf\u00f4metro realizados, 88 motoristas foram flagrados em situa\u00e7\u00e3o irregular. Novos n\u00fameros devem ser apresentados na quarta-feira ap\u00f3s o retorno do feriado nas estradas.<\/p>","protected":false},"excerpt":{"rendered":"<p>J\u00e1 passa dos 3 mil o n\u00famero de multas aplicadas pela Pol\u00edcia Rodovi\u00e1ria Federal (PRF) nas BRs ga\u00fachas entre sexta-feira e domingo. No mesmo per\u00edodo, houve 40 acidentes com feridos nesta malha rodovi\u00e1ria. Ao todo, a PRF registrou, nos tr\u00eas dias, 74 pessoas feridas nas estradas e duas v\u00edtimas fatais. Conforme levantamento da PRF, foram<\/p>\n<div class=\"read-more-wrapper\"><a class=\"read-more\" href=\"https:\/\/www2.comunitaria.com.br\/en\/prf-ja-aplicou-mais-de-3-mil-multas-no-feriado-do-carnaval\/\" title=\"Read More\"> <span class=\"button\">Read More<\/span><\/a><\/div>","protected":false},"author":2,"featured_media":14796,"comment_status":"open","ping_status":"closed","sticky":false,"template":"","format":"standard","meta":{"ngg_post_thumbnail":0,"footnotes":""},"categories":[46,33,36],"tags":[2407,879,1736,394],"class_list":["post-14795","post","type-post","status-publish","format-standard","has-post-thumbnail","hentry","category-estado","category-noticias","category-policia","tag-caranaval","tag-feriado","tag-multas","tag-prf"],"amp_enabled":true,"_links":{"self":[{"href":"https:\/\/www2.comunitaria.com.br\/en\/wp-json\/wp\/v2\/posts\/14795","targetHints":{"allow":["GET"]}}],"collection":[{"href":"https:\/\/www2.comunitaria.com.br\/en\/wp-json\/wp\/v2\/posts"}],"about":[{"href":"https:\/\/www2.comunitaria.com.br\/en\/wp-json\/wp\/v2\/types\/post"}],"author":[{"embeddable":true,"href":"https:\/\/www2.comunitaria.com.br\/en\/wp-json\/wp\/v2\/users\/2"}],"replies":[{"embeddable":true,"href":"https:\/\/www2.comunitaria.com.br\/en\/wp-json\/wp\/v2\/comments?post=14795"}],"version-history":[{"count":0,"href":"https:\/\/www2.comunitaria.com.br\/en\/wp-json\/wp\/v2\/posts\/14795\/revisions"}],"wp:featuredmedia":[{"embeddable":true,"href":"https:\/\/www2.comunitaria.com.br\/en\/wp-json\/wp\/v2\/media\/14796"}],"wp:attachment":[{"href":"https:\/\/www2.comunitaria.com.br\/en\/wp-json\/wp\/v2\/media?parent=14795"}],"wp:term":[{"taxonomy":"category","embeddable":true,"href":"https:\/\/www2.comunitaria.com.br\/en\/wp-json\/wp\/v2\/categories?post=14795"},{"taxonomy":"post_tag","embeddable":true,"href":"https:\/\/www2.comunitaria.com.br\/en\/wp-json\/wp\/v2\/tags?post=14795"}],"curies":[{"name":"wp","href":"https:\/\/api.w.org\/{rel}","templated":true}]}}