{"id":14786,"date":"2016-02-08T16:01:11","date_gmt":"2016-02-08T18:01:11","guid":{"rendered":"http:\/\/www2.comunitaria.com.br\/?p=14786"},"modified":"2016-02-08T16:01:11","modified_gmt":"2016-02-08T18:01:11","slug":"fred-folia-nesta-segunda-feira-evento-contara-com-show-nacional-de-leo-rodrigues","status":"publish","type":"post","link":"https:\/\/www2.comunitaria.com.br\/en\/fred-folia-nesta-segunda-feira-evento-contara-com-show-nacional-de-leo-rodrigues\/","title":{"rendered":"Fred Folia: Nesta segunda-feira evento contar\u00e1 com show nacional de L\u00e9o Rodrigues"},"content":{"rendered":"<p style=\"text-align: justify;\">Depois de diversas atra\u00e7\u00f5es passarem pelo palco do Fred Folia, chegou a vez do cantor L\u00e9o Rodrigues fazer seu show para os foli\u00f5es de Frederico Westphalen. O evento acontece na Rua Jos\u00e9 Ca\u00f1ellas com in\u00edcio \u00e0s 20h. A noite tamb\u00e9m contar\u00e1 com outras atra\u00e7\u00f5es, confira:<\/p>\n<p id=\"yui_3_16_0_1_1454777594359_2133\" class=\"yiv2367445591MsoNormal\" style=\"text-align: justify;\"><b id=\"yui_3_16_0_1_1454777594359_2141\"><span id=\"yui_3_16_0_1_1454777594359_2140\">Segunda-feira, 08\/02<\/span><\/b><\/p>\n<p id=\"yui_3_16_0_1_1454777594359_2105\" class=\"yiv2367445591MsoNormal\" style=\"text-align: justify;\">17h: Pagode do Seu Z\u00e9<\/p>\n<p id=\"yui_3_16_0_1_1454777594359_2104\" class=\"yiv2367445591MsoNormal\" style=\"text-align: justify;\"><span id=\"yui_3_16_0_1_1454777594359_2106\">20h: L\u00e9o Rodrigues (Show Nacional Sertanejo)<\/span><\/p>\n<p id=\"yui_3_16_0_1_1454777594359_2108\" class=\"yiv2367445591MsoNormal\" style=\"text-align: justify;\"><span id=\"yui_3_16_0_1_1454777594359_2107\">22h: Bruno e Jeff (Sertanejo)\u00a0<\/span><\/p>\n<p class=\"yiv2367445591MsoNormal\" style=\"text-align: justify;\">Na ter\u00e7a-feira, 9, feriado de Carnaval, ser\u00e1 realizado o carnaval infantil\u00a0a partir das 14 horas.<\/p>\n<p class=\"yiv2367445591MsoNormal\" style=\"text-align: justify;\"><strong>Foto:<\/strong> Divulga\u00e7\u00e3o<\/p>","protected":false},"excerpt":{"rendered":"<p>Depois de diversas atra\u00e7\u00f5es passarem pelo palco do Fred Folia, chegou a vez do cantor L\u00e9o Rodrigues fazer seu show para os foli\u00f5es de Frederico Westphalen. O evento acontece na Rua Jos\u00e9 Ca\u00f1ellas com in\u00edcio \u00e0s 20h. A noite tamb\u00e9m contar\u00e1 com outras atra\u00e7\u00f5es, confira: Segunda-feira, 08\/02 17h: Pagode do Seu Z\u00e9 20h: L\u00e9o Rodrigues<\/p>\n<div class=\"read-more-wrapper\"><a class=\"read-more\" href=\"https:\/\/www2.comunitaria.com.br\/en\/fred-folia-nesta-segunda-feira-evento-contara-com-show-nacional-de-leo-rodrigues\/\" title=\"Read More\"> <span class=\"button\">Read More<\/span><\/a><\/div>","protected":false},"author":2,"featured_media":14787,"comment_status":"open","ping_status":"closed","sticky":false,"template":"","format":"standard","meta":{"ngg_post_thumbnail":0,"footnotes":""},"categories":[42,100,33,35],"tags":[455,2298,1159,749,1165],"class_list":["post-14786","post","type-post","status-publish","format-standard","has-post-thumbnail","hentry","category-fred-west","category-musica","category-noticias","category-variedades","tag-carnaval","tag-fred-folia","tag-musica","tag-show","tag-variedades"],"amp_enabled":true,"_links":{"self":[{"href":"https:\/\/www2.comunitaria.com.br\/en\/wp-json\/wp\/v2\/posts\/14786","targetHints":{"allow":["GET"]}}],"collection":[{"href":"https:\/\/www2.comunitaria.com.br\/en\/wp-json\/wp\/v2\/posts"}],"about":[{"href":"https:\/\/www2.comunitaria.com.br\/en\/wp-json\/wp\/v2\/types\/post"}],"author":[{"embeddable":true,"href":"https:\/\/www2.comunitaria.com.br\/en\/wp-json\/wp\/v2\/users\/2"}],"replies":[{"embeddable":true,"href":"https:\/\/www2.comunitaria.com.br\/en\/wp-json\/wp\/v2\/comments?post=14786"}],"version-history":[{"count":0,"href":"https:\/\/www2.comunitaria.com.br\/en\/wp-json\/wp\/v2\/posts\/14786\/revisions"}],"wp:featuredmedia":[{"embeddable":true,"href":"https:\/\/www2.comunitaria.com.br\/en\/wp-json\/wp\/v2\/media\/14787"}],"wp:attachment":[{"href":"https:\/\/www2.comunitaria.com.br\/en\/wp-json\/wp\/v2\/media?parent=14786"}],"wp:term":[{"taxonomy":"category","embeddable":true,"href":"https:\/\/www2.comunitaria.com.br\/en\/wp-json\/wp\/v2\/categories?post=14786"},{"taxonomy":"post_tag","embeddable":true,"href":"https:\/\/www2.comunitaria.com.br\/en\/wp-json\/wp\/v2\/tags?post=14786"}],"curies":[{"name":"wp","href":"https:\/\/api.w.org\/{rel}","templated":true}]}}