{"id":14697,"date":"2016-02-05T16:12:32","date_gmt":"2016-02-05T18:12:32","guid":{"rendered":"http:\/\/www2.comunitaria.com.br\/?p=14697"},"modified":"2016-02-05T16:12:32","modified_gmt":"2016-02-05T18:12:32","slug":"horario-de-verao-termina-dia-21-deste-mes","status":"publish","type":"post","link":"https:\/\/www2.comunitaria.com.br\/en\/horario-de-verao-termina-dia-21-deste-mes\/","title":{"rendered":"Hor\u00e1rio de ver\u00e3o termina dia 21 deste m\u00eas"},"content":{"rendered":"<p>Preparem os rel\u00f3gios. Faltam duas semanas para o fim do hor\u00e1rio de ver\u00e3o no pa\u00eds. \u00c0s 0h do dia 21 de fevereiro (domingo) os rel\u00f3gios devem ser atrasados em uma hora.<\/p>\n<p>Moradores dos estados das regi\u00f5es Sul, Sudeste, Centro-Oeste e do Distrito Federal precisam estar atentos \u00e0 altera\u00e7\u00e3o, que iniciou \u00e0s 0h do domingo 18 de outubro de 2015, quando os rel\u00f3gios foram ent\u00e3o adiantados. <\/p>\n<p>As regras est\u00e3o estipuladas no decreto 6.558, de 2008, que fixa a dura\u00e7\u00e3o da media do hor\u00e1rio de ver\u00e3o em quatro meses.<\/p>\n<p>O principal objetivo do hor\u00e1rio de ver\u00e3o \u00e9 aproveitar melhor a luminosidade natural do dia, reduzindo o consumo de eletricidade no fim da tarde, quando \u00e9 registrada a maior demanda por energia. A ideia de adiantar a hora oficial em per\u00edodos de ver\u00e3o foi lan\u00e7ada em 1784 por Benjamim Franklin, pol\u00edtico e inventor americano. O primeiro pa\u00eds a adotar oficialmente o hor\u00e1rio de ver\u00e3o foi a Alemanha, em 1916, durante a Primeira Guerra Mundial, para economizar os gastos com carv\u00e3o.<\/p>\n<p>No Brasil, o primeiro hor\u00e1rio de ver\u00e3o foi realizado entre 1931 e 1932, pelo presidente Get\u00falio Vargas, com dura\u00e7\u00e3o de 5 meses. A pr\u00e1tica vem sendo adotada sem interrup\u00e7\u00f5es desde 1985, com algumas diferen\u00e7as nos estados que aderem \u00e0 mudan\u00e7a e os per\u00edodos de dura\u00e7\u00e3o.<\/p>\n<p>O Minist\u00e9rio de Minas e Energia estimou que a redu\u00e7\u00e3o da demanda de energia entre 18h e 21h chegue at\u00e9 1.970 megawatts (MW) no subsistema Sudeste\/Centro-Oeste. O valor \u00e9 equivalente ao dobro da demanda da cidade de Bras\u00edlia. No subsistema Sul, segundo o minist\u00e9rio, a redu\u00e7\u00e3o pode chegar a 625 MW.<\/p>","protected":false},"excerpt":{"rendered":"<p>Preparem os rel\u00f3gios. Faltam duas semanas para o fim do hor\u00e1rio de ver\u00e3o no pa\u00eds. \u00c0s 0h do dia 21 de fevereiro (domingo) os rel\u00f3gios devem ser atrasados em uma hora. Moradores dos estados das regi\u00f5es Sul, Sudeste, Centro-Oeste e do Distrito Federal precisam estar atentos \u00e0 altera\u00e7\u00e3o, que iniciou \u00e0s 0h do domingo 18<\/p>\n<div class=\"read-more-wrapper\"><a class=\"read-more\" href=\"https:\/\/www2.comunitaria.com.br\/en\/horario-de-verao-termina-dia-21-deste-mes\/\" title=\"Read More\"> <span class=\"button\">Read More<\/span><\/a><\/div>","protected":false},"author":2,"featured_media":14698,"comment_status":"open","ping_status":"closed","sticky":false,"template":"","format":"standard","meta":{"ngg_post_thumbnail":0,"footnotes":""},"categories":[47,33],"tags":[657],"class_list":["post-14697","post","type-post","status-publish","format-standard","has-post-thumbnail","hentry","category-brasil","category-noticias","tag-horario-de-verao"],"amp_enabled":true,"_links":{"self":[{"href":"https:\/\/www2.comunitaria.com.br\/en\/wp-json\/wp\/v2\/posts\/14697","targetHints":{"allow":["GET"]}}],"collection":[{"href":"https:\/\/www2.comunitaria.com.br\/en\/wp-json\/wp\/v2\/posts"}],"about":[{"href":"https:\/\/www2.comunitaria.com.br\/en\/wp-json\/wp\/v2\/types\/post"}],"author":[{"embeddable":true,"href":"https:\/\/www2.comunitaria.com.br\/en\/wp-json\/wp\/v2\/users\/2"}],"replies":[{"embeddable":true,"href":"https:\/\/www2.comunitaria.com.br\/en\/wp-json\/wp\/v2\/comments?post=14697"}],"version-history":[{"count":0,"href":"https:\/\/www2.comunitaria.com.br\/en\/wp-json\/wp\/v2\/posts\/14697\/revisions"}],"wp:featuredmedia":[{"embeddable":true,"href":"https:\/\/www2.comunitaria.com.br\/en\/wp-json\/wp\/v2\/media\/14698"}],"wp:attachment":[{"href":"https:\/\/www2.comunitaria.com.br\/en\/wp-json\/wp\/v2\/media?parent=14697"}],"wp:term":[{"taxonomy":"category","embeddable":true,"href":"https:\/\/www2.comunitaria.com.br\/en\/wp-json\/wp\/v2\/categories?post=14697"},{"taxonomy":"post_tag","embeddable":true,"href":"https:\/\/www2.comunitaria.com.br\/en\/wp-json\/wp\/v2\/tags?post=14697"}],"curies":[{"name":"wp","href":"https:\/\/api.w.org\/{rel}","templated":true}]}}