{"id":14675,"date":"2016-02-05T09:45:59","date_gmt":"2016-02-05T11:45:59","guid":{"rendered":"http:\/\/www2.comunitaria.com.br\/?p=14675"},"modified":"2016-02-05T09:47:37","modified_gmt":"2016-02-05T11:47:37","slug":"apos-deslizamento-daer-realiza-limpeza-da-ers-591-em-ametista-do-sul","status":"publish","type":"post","link":"https:\/\/www2.comunitaria.com.br\/en\/apos-deslizamento-daer-realiza-limpeza-da-ers-591-em-ametista-do-sul\/","title":{"rendered":"Ap\u00f3s deslizamento, Daer realiza limpeza da ERS-591, em Ametista do Sul"},"content":{"rendered":"<p style=\"text-align: justify;\" align=\"center\">Os usu\u00e1rios da ERS-591, em Ametista do Sul, tiveram que redobrar\u00a0os cuidados na rodovia na tarde de ontem, 4. Um deslizamento de encosta foi registrado no km 2, pr\u00f3ximo ao acesso \u00e0 cidade. O desmoronamento foi provocado pela chuva que atingiu a regi\u00e3o.<\/p>\n<p style=\"text-align: justify;\">Equipes da 17\u00aa Superintend\u00eancia Regional do Departamento Aut\u00f4nomo de Estradas de Rodagem (Daer), de Palmeira das Miss\u00f5es, j\u00e1 realizaram\u00a0a limpeza do trecho. Tamb\u00e9m foram executados\u00a0os servi\u00e7os de desobstru\u00e7\u00e3o de sarjetas e sinaliza\u00e7\u00e3o.\u00a0O trecho da rodovia n\u00e3o precisou ser interditado.<\/p>\n<p style=\"text-align: justify;\"><strong>Portal RS<\/strong><\/p>","protected":false},"excerpt":{"rendered":"<p>Os usu\u00e1rios da ERS-591, em Ametista do Sul, tiveram que redobrar\u00a0os cuidados na rodovia na tarde de ontem, 4. Um deslizamento de encosta foi registrado no km 2, pr\u00f3ximo ao&#8230;<\/p>","protected":false},"author":2,"featured_media":14676,"comment_status":"open","ping_status":"closed","sticky":false,"template":"","format":"standard","meta":{"ngg_post_thumbnail":0,"footnotes":""},"categories":[46,33,45],"tags":[234,728,1197,519,86],"class_list":["post-14675","post","type-post","status-publish","format-standard","has-post-thumbnail","hentry","category-estado","category-noticias","category-rural","tag-ametista-do-sul","tag-daer","tag-deslizamento","tag-estado-2","tag-regiao-2"],"amp_enabled":true,"_links":{"self":[{"href":"https:\/\/www2.comunitaria.com.br\/en\/wp-json\/wp\/v2\/posts\/14675","targetHints":{"allow":["GET"]}}],"collection":[{"href":"https:\/\/www2.comunitaria.com.br\/en\/wp-json\/wp\/v2\/posts"}],"about":[{"href":"https:\/\/www2.comunitaria.com.br\/en\/wp-json\/wp\/v2\/types\/post"}],"author":[{"embeddable":true,"href":"https:\/\/www2.comunitaria.com.br\/en\/wp-json\/wp\/v2\/users\/2"}],"replies":[{"embeddable":true,"href":"https:\/\/www2.comunitaria.com.br\/en\/wp-json\/wp\/v2\/comments?post=14675"}],"version-history":[{"count":0,"href":"https:\/\/www2.comunitaria.com.br\/en\/wp-json\/wp\/v2\/posts\/14675\/revisions"}],"wp:featuredmedia":[{"embeddable":true,"href":"https:\/\/www2.comunitaria.com.br\/en\/wp-json\/wp\/v2\/media\/14676"}],"wp:attachment":[{"href":"https:\/\/www2.comunitaria.com.br\/en\/wp-json\/wp\/v2\/media?parent=14675"}],"wp:term":[{"taxonomy":"category","embeddable":true,"href":"https:\/\/www2.comunitaria.com.br\/en\/wp-json\/wp\/v2\/categories?post=14675"},{"taxonomy":"post_tag","embeddable":true,"href":"https:\/\/www2.comunitaria.com.br\/en\/wp-json\/wp\/v2\/tags?post=14675"}],"curies":[{"name":"wp","href":"https:\/\/api.w.org\/{rel}","templated":true}]}}