{"id":14259,"date":"2016-01-25T11:43:04","date_gmt":"2016-01-25T13:43:04","guid":{"rendered":"http:\/\/www2.comunitaria.com.br\/?p=14259"},"modified":"2016-01-25T11:43:04","modified_gmt":"2016-01-25T13:43:04","slug":"moradores-do-nucleo-7-organizam-manifestacao-por-melhorias-no-bairro","status":"publish","type":"post","link":"https:\/\/www2.comunitaria.com.br\/en\/moradores-do-nucleo-7-organizam-manifestacao-por-melhorias-no-bairro\/","title":{"rendered":"Moradores do N\u00facleo 7 organizam manifesta\u00e7\u00e3o por melhorias no bairro"},"content":{"rendered":"<p style=\"text-align: justify;\">Moradores do N\u00facleo 7, bairro S\u00e3o Francisco de Paula, de Frederico Westphalen est\u00e3o organizando uma manifesta\u00e7\u00e3o para reivindicar melhorias no bairro. A comunidade fez\u00a0um abaixo assinado pedindo adequa\u00e7\u00f5es\u00a0na rede de esgoto, pois, segundo os moradores, desde que foi implantada apresenta in\u00fameros problemas. Outra reivindica\u00e7\u00e3o \u00e9 a realiza\u00e7\u00e3o do asfaltamento nas ruas do bairro.<\/p>\n<p style=\"text-align: justify;\">A entrega do abaixo assinado \u00e0s autoridades ser\u00e1 realizado na noite de hoje, 25, por\u00e9m, antes da entrega\u00a0a comunidade far\u00e1 uma manifesta\u00e7\u00e3o reivindicando as melhorias solicitadas.<\/p>","protected":false},"excerpt":{"rendered":"<p>Moradores do N\u00facleo 7, bairro S\u00e3o Francisco de Paula, de Frederico Westphalen est\u00e3o organizando uma manifesta\u00e7\u00e3o para reivindicar melhorias no bairro. A comunidade fez\u00a0um abaixo assinado pedindo adequa\u00e7\u00f5es\u00a0na rede de esgoto, pois, segundo os moradores, desde que foi implantada apresenta in\u00fameros problemas. Outra reivindica\u00e7\u00e3o \u00e9 a realiza\u00e7\u00e3o do asfaltamento nas ruas do bairro. A entrega<\/p>\n<div class=\"read-more-wrapper\"><a class=\"read-more\" href=\"https:\/\/www2.comunitaria.com.br\/en\/moradores-do-nucleo-7-organizam-manifestacao-por-melhorias-no-bairro\/\" title=\"Read More\"> <span class=\"button\">Read More<\/span><\/a><\/div>","protected":false},"author":2,"featured_media":13306,"comment_status":"open","ping_status":"closed","sticky":false,"template":"","format":"standard","meta":{"ngg_post_thumbnail":0,"footnotes":""},"categories":[42,28,33,38],"tags":[82,1500,1408,2361,1079],"class_list":["post-14259","post","type-post","status-publish","format-standard","has-post-thumbnail","hentry","category-fred-west","category-destaque","category-noticias","category-politica","tag-frederico-westphalen","tag-manifestacao","tag-melhorias","tag-nucleo-7","tag-politica"],"amp_enabled":true,"_links":{"self":[{"href":"https:\/\/www2.comunitaria.com.br\/en\/wp-json\/wp\/v2\/posts\/14259","targetHints":{"allow":["GET"]}}],"collection":[{"href":"https:\/\/www2.comunitaria.com.br\/en\/wp-json\/wp\/v2\/posts"}],"about":[{"href":"https:\/\/www2.comunitaria.com.br\/en\/wp-json\/wp\/v2\/types\/post"}],"author":[{"embeddable":true,"href":"https:\/\/www2.comunitaria.com.br\/en\/wp-json\/wp\/v2\/users\/2"}],"replies":[{"embeddable":true,"href":"https:\/\/www2.comunitaria.com.br\/en\/wp-json\/wp\/v2\/comments?post=14259"}],"version-history":[{"count":0,"href":"https:\/\/www2.comunitaria.com.br\/en\/wp-json\/wp\/v2\/posts\/14259\/revisions"}],"wp:featuredmedia":[{"embeddable":true,"href":"https:\/\/www2.comunitaria.com.br\/en\/wp-json\/wp\/v2\/media\/13306"}],"wp:attachment":[{"href":"https:\/\/www2.comunitaria.com.br\/en\/wp-json\/wp\/v2\/media?parent=14259"}],"wp:term":[{"taxonomy":"category","embeddable":true,"href":"https:\/\/www2.comunitaria.com.br\/en\/wp-json\/wp\/v2\/categories?post=14259"},{"taxonomy":"post_tag","embeddable":true,"href":"https:\/\/www2.comunitaria.com.br\/en\/wp-json\/wp\/v2\/tags?post=14259"}],"curies":[{"name":"wp","href":"https:\/\/api.w.org\/{rel}","templated":true}]}}