{"id":14177,"date":"2016-02-02T10:55:30","date_gmt":"2016-02-02T12:55:30","guid":{"rendered":"http:\/\/www2.comunitaria.com.br\/?p=14177"},"modified":"2016-02-02T11:43:11","modified_gmt":"2016-02-02T13:43:11","slug":"carnaval-de-irai-e-mais-uma-etapa-do-projeto-espaco-irai-de-arte-e-cultura-da-cufafw","status":"publish","type":"post","link":"https:\/\/www2.comunitaria.com.br\/en\/carnaval-de-irai-e-mais-uma-etapa-do-projeto-espaco-irai-de-arte-e-cultura-da-cufafw\/","title":{"rendered":"Carnaval de Ira\u00ed \u00e9 mais uma etapa do projeto Espa\u00e7o Ira\u00ed de Arte e Cultura da CUFA\/FW"},"content":{"rendered":"<p style=\"text-align: justify;\">Neste ano, o Carnaval de Ira\u00ed \u00e9 uma parceria com a Prefeitura Municipal e a CUFA\/FW. S\u00e3o quatro dias de programa\u00e7\u00e3o, que contar\u00e1 com apresenta\u00e7\u00e3o da banda Chimarruts, no dia 08 de fevereiro.<\/p>\n<p style=\"text-align: justify;\">A CUFA\/FW vem realizando diversas atividades no munic\u00edpio com o Espa\u00e7o Ira\u00ed de Arte e Cultura. O carnaval \u00e9 a terceira etapa do projeto, que j\u00e1\u00a0 trouxe atra\u00e7\u00f5es como Papas da L\u00edngua, Tholl, C\u00e9sar Oliveira e Rog\u00e9rio Melo e Orquestra de Teut\u00f4nia.<\/p>\n<p style=\"text-align: justify;\">A programa\u00e7\u00e3o do Carnaval tem in\u00edcio no dia 05 de fevereiro, com show da Banda Cosmo Express, a partir das 22h. A abertura oficial ser\u00e1 no s\u00e1bado, \u00e0s 21h30min, onde o prefeito <span class=\"text_exposed_show\">Volmir Bielski<\/span> entregar\u00e1 a chave da cidade para o Rei Momo e a Rainha. O s\u00e1bado ainda ser\u00e1 animado pelo desfile da\u00a0corte, dos blocos e escolas de samba e ap\u00f3s o grupo <span class=\"text_exposed_show\">Sopradescontrair<\/span> toca o melhor do pagode. No domingo, dia 07, a Banda Cosmo Express sobe novamente ao palco.\u00a0 Na segunda, haver\u00e1 mais um desfile de carnaval e ap\u00f3s o show da Chimarruts, o grupo <span class=\"text_exposed_show\"> Sopradescontrair continua a festa.<\/span><\/p>\n<p style=\"text-align: justify;\">Toda a programa\u00e7\u00e3o \u00e9 gratuita e ser\u00e1 realizada na Pra\u00e7a da Matriz. O desfile contar\u00e1 com fantasias e carros aleg\u00f3ricos.<\/p>\n<p style=\"text-align: justify;\">O coordenador da CUFA\/FW, Junior Torres, salienta que o carnaval de Ira\u00ed mant\u00e9m a tradi\u00e7\u00e3o por meio dos desfiles dos blocos, sendo que cada um contar\u00e1 com um tema.<\/p>\n<audio class=\"wp-audio-shortcode\" id=\"audio-14177-1\" preload=\"none\" style=\"width: 100%;\" controls=\"controls\"><source type=\"audio\/mpeg\" src=\"http:\/\/www2.comunitaria.com.br\/wp-content\/uploads\/2016\/02\/Junior.mp3?_=1\" \/><a href=\"http:\/\/www2.comunitaria.com.br\/wp-content\/uploads\/2016\/02\/Junior.mp3\">http:\/\/www2.comunitaria.com.br\/wp-content\/uploads\/2016\/02\/Junior.mp3<\/a><\/audio>\n<p style=\"text-align: justify;\"><a href=\"http:\/\/www2.comunitaria.com.br\/en\/carnaval-de-irai-e-mais-uma-etapa-do-projeto-espaco-irai-de-arte-e-cultura-da-cufafw\/12622035_566928013460863_3001812465385937869_o\/\" rel=\"attachment wp-att-14178\"><img loading=\"lazy\" decoding=\"async\" class=\"aligncenter size-full wp-image-14178\" src=\"http:\/\/www2.comunitaria.com.br\/wp-content\/uploads\/2016\/01\/12622035_566928013460863_3001812465385937869_o.png\" alt=\"12622035_566928013460863_3001812465385937869_o\" width=\"702\" height=\"1000\" srcset=\"https:\/\/www2.comunitaria.com.br\/wp-content\/uploads\/2016\/01\/12622035_566928013460863_3001812465385937869_o.png 702w, https:\/\/www2.comunitaria.com.br\/wp-content\/uploads\/2016\/01\/12622035_566928013460863_3001812465385937869_o-211x300.png 211w\" sizes=\"auto, (max-width: 702px) 100vw, 702px\" \/><\/a><\/p>\n<div class=\"text_exposed_show\">\n<p style=\"text-align: justify;\"><strong>Foto:<\/strong> Divulga\u00e7\u00e3o<\/p>\n<\/div>","protected":false},"excerpt":{"rendered":"<p>Neste ano, o Carnaval de Ira\u00ed \u00e9 uma parceria com a Prefeitura Municipal e a CUFA\/FW. S\u00e3o quatro dias de programa\u00e7\u00e3o, que contar\u00e1 com apresenta\u00e7\u00e3o da banda Chimarruts, no dia&#8230;<\/p>","protected":false},"author":2,"featured_media":14179,"comment_status":"open","ping_status":"closed","sticky":false,"template":"","format":"standard","meta":{"ngg_post_thumbnail":0,"footnotes":""},"categories":[100,33,43,35],"tags":[455,204,172,1159,1165],"class_list":["post-14177","post","type-post","status-publish","format-standard","has-post-thumbnail","hentry","category-musica","category-noticias","category-regiao","category-variedades","tag-carnaval","tag-cufa","tag-irai","tag-musica","tag-variedades"],"amp_enabled":true,"_links":{"self":[{"href":"https:\/\/www2.comunitaria.com.br\/en\/wp-json\/wp\/v2\/posts\/14177","targetHints":{"allow":["GET"]}}],"collection":[{"href":"https:\/\/www2.comunitaria.com.br\/en\/wp-json\/wp\/v2\/posts"}],"about":[{"href":"https:\/\/www2.comunitaria.com.br\/en\/wp-json\/wp\/v2\/types\/post"}],"author":[{"embeddable":true,"href":"https:\/\/www2.comunitaria.com.br\/en\/wp-json\/wp\/v2\/users\/2"}],"replies":[{"embeddable":true,"href":"https:\/\/www2.comunitaria.com.br\/en\/wp-json\/wp\/v2\/comments?post=14177"}],"version-history":[{"count":0,"href":"https:\/\/www2.comunitaria.com.br\/en\/wp-json\/wp\/v2\/posts\/14177\/revisions"}],"wp:featuredmedia":[{"embeddable":true,"href":"https:\/\/www2.comunitaria.com.br\/en\/wp-json\/wp\/v2\/media\/14179"}],"wp:attachment":[{"href":"https:\/\/www2.comunitaria.com.br\/en\/wp-json\/wp\/v2\/media?parent=14177"}],"wp:term":[{"taxonomy":"category","embeddable":true,"href":"https:\/\/www2.comunitaria.com.br\/en\/wp-json\/wp\/v2\/categories?post=14177"},{"taxonomy":"post_tag","embeddable":true,"href":"https:\/\/www2.comunitaria.com.br\/en\/wp-json\/wp\/v2\/tags?post=14177"}],"curies":[{"name":"wp","href":"https:\/\/api.w.org\/{rel}","templated":true}]}}