{"id":14117,"date":"2016-01-21T15:34:16","date_gmt":"2016-01-21T17:34:16","guid":{"rendered":"http:\/\/www2.comunitaria.com.br\/?p=14117"},"modified":"2016-01-21T16:07:51","modified_gmt":"2016-01-21T18:07:51","slug":"em-parceria-com-o-sebrae-acifw-promove-mais-uma-edicao-do-empretec","status":"publish","type":"post","link":"https:\/\/www2.comunitaria.com.br\/en\/em-parceria-com-o-sebrae-acifw-promove-mais-uma-edicao-do-empretec\/","title":{"rendered":"Em parceria com o Sebrae ACI\/FW promove mais uma edi\u00e7\u00e3o do Empretec"},"content":{"rendered":"<p style=\"text-align: justify;\">Em parceria com o\u00a0Servi\u00e7o Brasileiro de Apoio \u00e0s Micro e Pequenas Empresas (Sebrae), a Associa\u00e7\u00e3o Comercial e Industrial de Frederico Westphalen (ACI\/FW), est\u00e1 promovendo mais uma edi\u00e7\u00e3o do Empretec, curso que\u00a0testa e potencializa o comportamento empreendedor. Para participar os interessados devem realizar entrevistas na sede da ACI\/FW nas seguintes datas:<\/p>\n<div class=\"text_exposed_show\">\n<p style=\"text-align: justify;\">Primeira entrevista \u2013 04 e 05 de fevereiro \u2013 Sala 8<br \/>\nSegunda entrevista \u2013 10 e 11 de fevereiro \u2013 Sala 8<\/p>\n<p style=\"text-align: justify;\">O curso ser\u00e1 realizado entre os dias 15 e 20 de fevereiro com semin\u00e1rios no Sal\u00e3o Nobre da ACI. \u00a0As entrevistas devem ser marcadas atrav\u00e9s do telefone\u00a0(55) 3744-4244.<\/p>\n<p style=\"text-align: justify;\"><a href=\"http:\/\/www2.comunitaria.com.br\/wp-content\/uploads\/2016\/01\/680_Empretec.jpg\" rel=\"attachment wp-att-14119\"><img loading=\"lazy\" decoding=\"async\" class=\"aligncenter wp-image-14119 size-full\" src=\"http:\/\/www2.comunitaria.com.br\/wp-content\/uploads\/2016\/01\/680_Empretec.jpg\" alt=\"680_Empretec\" width=\"680\" height=\"535\" srcset=\"https:\/\/www2.comunitaria.com.br\/wp-content\/uploads\/2016\/01\/680_Empretec.jpg 680w, https:\/\/www2.comunitaria.com.br\/wp-content\/uploads\/2016\/01\/680_Empretec-300x236.jpg 300w\" sizes=\"auto, (max-width: 680px) 100vw, 680px\" \/><\/a><\/p>\n<\/div>","protected":false},"excerpt":{"rendered":"<p>Em parceria com o\u00a0Servi\u00e7o Brasileiro de Apoio \u00e0s Micro e Pequenas Empresas (Sebrae), a Associa\u00e7\u00e3o Comercial e Industrial de Frederico Westphalen (ACI\/FW), est\u00e1 promovendo mais uma edi\u00e7\u00e3o do Empretec, curso que\u00a0testa e potencializa o comportamento empreendedor. Para participar os interessados devem realizar entrevistas na sede da ACI\/FW nas seguintes datas: Primeira entrevista \u2013 04 e<\/p>\n<div class=\"read-more-wrapper\"><a class=\"read-more\" href=\"https:\/\/www2.comunitaria.com.br\/en\/em-parceria-com-o-sebrae-acifw-promove-mais-uma-edicao-do-empretec\/\" title=\"Read More\"> <span class=\"button\">Read More<\/span><\/a><\/div>","protected":false},"author":2,"featured_media":14120,"comment_status":"open","ping_status":"closed","sticky":false,"template":"","format":"standard","meta":{"ngg_post_thumbnail":0,"footnotes":""},"categories":[44,42,33,35],"tags":[200,410,1020,222,2344,1399],"class_list":["post-14117","post","type-post","status-publish","format-standard","has-post-thumbnail","hentry","category-educacao","category-fred-west","category-noticias","category-variedades","tag-aci","tag-comercio","tag-curso","tag-empresas","tag-empretec","tag-sebrae"],"amp_enabled":true,"_links":{"self":[{"href":"https:\/\/www2.comunitaria.com.br\/en\/wp-json\/wp\/v2\/posts\/14117","targetHints":{"allow":["GET"]}}],"collection":[{"href":"https:\/\/www2.comunitaria.com.br\/en\/wp-json\/wp\/v2\/posts"}],"about":[{"href":"https:\/\/www2.comunitaria.com.br\/en\/wp-json\/wp\/v2\/types\/post"}],"author":[{"embeddable":true,"href":"https:\/\/www2.comunitaria.com.br\/en\/wp-json\/wp\/v2\/users\/2"}],"replies":[{"embeddable":true,"href":"https:\/\/www2.comunitaria.com.br\/en\/wp-json\/wp\/v2\/comments?post=14117"}],"version-history":[{"count":0,"href":"https:\/\/www2.comunitaria.com.br\/en\/wp-json\/wp\/v2\/posts\/14117\/revisions"}],"wp:featuredmedia":[{"embeddable":true,"href":"https:\/\/www2.comunitaria.com.br\/en\/wp-json\/wp\/v2\/media\/14120"}],"wp:attachment":[{"href":"https:\/\/www2.comunitaria.com.br\/en\/wp-json\/wp\/v2\/media?parent=14117"}],"wp:term":[{"taxonomy":"category","embeddable":true,"href":"https:\/\/www2.comunitaria.com.br\/en\/wp-json\/wp\/v2\/categories?post=14117"},{"taxonomy":"post_tag","embeddable":true,"href":"https:\/\/www2.comunitaria.com.br\/en\/wp-json\/wp\/v2\/tags?post=14117"}],"curies":[{"name":"wp","href":"https:\/\/api.w.org\/{rel}","templated":true}]}}